{"id":39102,"date":"2012-05-14T17:07:17","date_gmt":"2012-05-14T20:07:17","guid":{"rendered":"http:\/\/www.redenoticia.com.br\/noticia\/?p=39102"},"modified":"2012-05-14T17:07:20","modified_gmt":"2012-05-14T20:07:20","slug":"fapesp-divulga-resultado-de-chamada-com-as-universidades-de-toronto-e-western-ontario","status":"publish","type":"post","link":"https:\/\/migracao.redenoticia.com.br\/noticia\/2012\/fapesp-divulga-resultado-de-chamada-com-as-universidades-de-toronto-e-western-ontario\/39102","title":{"rendered":"FAPESP divulga resultado de chamada com as Universidades de Toronto e Western Ontario"},"content":{"rendered":"<p><a href=\"https:\/\/migracao.redenoticia.com.br\/noticia\/2011\/unesco-concurso-de-trabalhos-escritos-e-desenhos\/36264\/aluno-b\" rel=\"attachment wp-att-36265\"><img loading=\"lazy\" decoding=\"async\" class=\"alignleft size-full wp-image-36265\" title=\"aluno b\" src=\"https:\/\/migracao.redenoticia.com.br\/noticia\/imagens\/aluno-b.jpg\" alt=\"\" width=\"300\" height=\"193\" srcset=\"https:\/\/migracao.redenoticia.com.br\/noticia\/imagens\/aluno-b.jpg 300w, https:\/\/migracao.redenoticia.com.br\/noticia\/imagens\/aluno-b-250x161.jpg 250w, https:\/\/migracao.redenoticia.com.br\/noticia\/imagens\/aluno-b-150x97.jpg 150w\" sizes=\"auto, (max-width: 300px) 100vw, 300px\" \/><\/a>Ag\u00eancia<strong> FAPESP<\/strong>\u00a0\u2013 A FAPESP e as universidades de Toronto e de Western Ontario, no Canad\u00e1, divulgam o resultado da chamada de propostas de pesquisa lan\u00e7ada em conjunto pelas institui\u00e7\u00f5es em 2011.\u00a0Foram aprovadas cinco propostas de interc\u00e2mbio de pesquisadores do Estado de S\u00e3o Paulo e das duas universidades canadenses.\u00a0A FAPESP destinar\u00e1 at\u00e9 10 mil d\u00f3lares canadenses anuais por proposta aprovada, para cobrir despesas de transporte, moradia e seguro de pesquisadores do lado paulista em viagens ao Canad\u00e1.<\/p>\n<p>As universidades de Toronto e de Western Ontario, por sua vez, tamb\u00e9m destinar\u00e3o at\u00e9 10 mil d\u00f3lares canadenses cada uma para as propostas aprovadas para cobrir as mesmas despesas de pesquisadores canadenses quando em viagens no Estado de S\u00e3o Paulo.<\/p>\n<p>\u201cEssa colabora\u00e7\u00e3o se encaixa na estrat\u00e9gia da FAPESP para intensificar as liga\u00e7\u00f5es internacionais. Os projetos selecionados representam pesquisas de classe mundial, com grande impacto e r\u00e1pido desenvolvimento, uma vez que unem esfor\u00e7os de pesquisadores de alto n\u00edvel tanto no Estado de S\u00e3o Paulo quanto nas universidades de Toronto e de Western Ontario\u201d, disse Carlos Henrique de Brito Cruz, diretor cient\u00edfico da FAPESP.<\/p>\n<p>\u201cEstou muito satisfeito com o resultado dessa primeira chamada conjunta. As propostas selecionadas reunir\u00e3o pesquisadores de ponta para trabalhar juntos em desafios cient\u00edficos muito importantes. Estou confiante que essas propostas ir\u00e3o estimular oportunidades futuras de pesquisa colaborativa\u201d, disse David Naylor, presidente da Universidade de Toronto.<\/p>\n<p>\u201cEsta parceria \u00e9 um exemplo que espero seja seguida por outros. Estou entusiasmado com a oportunidade que pesquisadores canadenses t\u00eam de se aproximar de colegas brasileiros\u201d, disse Amit Chakma, presidente da Universidade de Western Ontario.<\/p>\n<p>As propostas aprovadas s\u00e3o:<\/p>\n<table border=\"1\" cellspacing=\"0\" cellpadding=\"0\">\n<thead>\n<tr>\n<th valign=\"top\" width=\"288\">T\u00edtulo<\/th>\n<th valign=\"top\" width=\"288\">Pesquisadores<\/th>\n<\/tr>\n<\/thead>\n<tbody>\n<tr>\n<td valign=\"top\" width=\"288\">Probing the physical characteristics of the disks surrounding Be stars<\/td>\n<td valign=\"top\" width=\"288\">Alex Cavalieri Carciofi<br \/>\nInst. de Astronomia Geof\u00edsica e Ci\u00eancias Atmosf\u00e9ricas &#8211; USPCarol Evelyn Jones<br \/>\nWestern Ontario N\u00famero do processo FAPESP: 2011\/51720-8<\/td>\n<\/tr>\n<tr>\n<td valign=\"top\" width=\"288\">S\u00e3o Paulo \u2013 Ontario Soil and Water Remediation Consortium<\/td>\n<td valign=\"top\" width=\"288\">Claudio Augusto Oller do Nascimento<br \/>\nEscola Polit\u00e9cnica &#8211; USP Brent Sleep<br \/>\nToronto<br \/>\ne Jason Gerhard<br \/>\nWestern Ontario N\u00famero do processo FAPESP: 2011\/51780-0<\/td>\n<\/tr>\n<tr>\n<td valign=\"top\" width=\"288\">Antidepressant like effects of deep brain stimulation in rats and the hypothalamic, pituitary, adrenal axis<\/td>\n<td valign=\"top\" width=\"288\">Luciene Covolan<br \/>\nEscola Paulista de Medicina &#8211; UnifespClement Hamani<br \/>\nToronto<\/p>\n<p>N\u00famero do processo FAPESP: 2011\/51815-9<\/td>\n<\/tr>\n<tr>\n<td valign=\"top\" width=\"288\">Exercise for asthmatic and COPD patients: how much do they perform and which are the real benefits?<\/td>\n<td valign=\"top\" width=\"288\">Milton de Arruda Martins<br \/>\nFaculdade de Medicina &#8211; USPDina Brooks<br \/>\nToronto N\u00famero do processo FAPESP: 2011\/51782-3<\/td>\n<\/tr>\n<tr>\n<td valign=\"top\" width=\"288\">Community of practice: a methodology to improve occupational therapy practice?<\/td>\n<td valign=\"top\" width=\"288\">Sandra Maria Galheigo<br \/>\nFaculdade de Medicina &#8211; USPElisabeth Anne Kinsela<br \/>\nWestern Ontario<\/p>\n<p>N\u00famero do processo FAPESP: 2011\/51766-8<\/td>\n<\/tr>\n<\/tbody>\n<\/table>\n<p>Mais informa\u00e7\u00f5es sobre a chamada e o acordo entre as institui\u00e7\u00f5es:\u00a0<a href=\"http:\/\/www.fapesp.br\/acordos\/toronto_ontario\"><strong>www.fapesp.br\/acordos\/toronto_ontario<\/strong><\/a><\/p>\n","protected":false},"excerpt":{"rendered":"<p>Ag\u00eancia FAPESP\u00a0\u2013 A FAPESP e as universidades de Toronto e de Western Ontario, no Canad\u00e1, divulgam o resultado da chamada de propostas de pesquisa lan\u00e7ada em conjunto pelas institui\u00e7\u00f5es em 2011.\u00a0Foram aprovadas cinco propostas de interc\u00e2mbio de pesquisadores do Estado de S\u00e3o Paulo e das duas universidades canadenses.\u00a0A FAPESP destinar\u00e1 at\u00e9 10 mil d\u00f3lares canadenses [&hellip;]<\/p>\n","protected":false},"author":5,"featured_media":36265,"comment_status":"open","ping_status":"closed","sticky":false,"template":"","format":"standard","meta":{"tdm_status":"","tdm_grid_status":"","footnotes":""},"categories":[22],"tags":[],"class_list":{"0":"post-39102","1":"post","2":"type-post","3":"status-publish","4":"format-standard","5":"has-post-thumbnail","7":"category-brasil"},"_links":{"self":[{"href":"https:\/\/migracao.redenoticia.com.br\/noticia\/wp-json\/wp\/v2\/posts\/39102","targetHints":{"allow":["GET"]}}],"collection":[{"href":"https:\/\/migracao.redenoticia.com.br\/noticia\/wp-json\/wp\/v2\/posts"}],"about":[{"href":"https:\/\/migracao.redenoticia.com.br\/noticia\/wp-json\/wp\/v2\/types\/post"}],"author":[{"embeddable":true,"href":"https:\/\/migracao.redenoticia.com.br\/noticia\/wp-json\/wp\/v2\/users\/5"}],"replies":[{"embeddable":true,"href":"https:\/\/migracao.redenoticia.com.br\/noticia\/wp-json\/wp\/v2\/comments?post=39102"}],"version-history":[{"count":0,"href":"https:\/\/migracao.redenoticia.com.br\/noticia\/wp-json\/wp\/v2\/posts\/39102\/revisions"}],"wp:featuredmedia":[{"embeddable":true,"href":"https:\/\/migracao.redenoticia.com.br\/noticia\/wp-json\/wp\/v2\/media\/36265"}],"wp:attachment":[{"href":"https:\/\/migracao.redenoticia.com.br\/noticia\/wp-json\/wp\/v2\/media?parent=39102"}],"wp:term":[{"taxonomy":"category","embeddable":true,"href":"https:\/\/migracao.redenoticia.com.br\/noticia\/wp-json\/wp\/v2\/categories?post=39102"},{"taxonomy":"post_tag","embeddable":true,"href":"https:\/\/migracao.redenoticia.com.br\/noticia\/wp-json\/wp\/v2\/tags?post=39102"}],"curies":[{"name":"wp","href":"https:\/\/api.w.org\/{rel}","templated":true}]}}