{"id":39116,"date":"2012-05-15T16:23:16","date_gmt":"2012-05-15T19:23:16","guid":{"rendered":"http:\/\/www.redenoticia.com.br\/noticia\/?p=39116"},"modified":"2012-05-17T19:47:18","modified_gmt":"2012-05-17T22:47:18","slug":"ibmecrj-recebe-inscricoes-para-o-vestibular-ate-5-de-junho","status":"publish","type":"post","link":"https:\/\/migracao.redenoticia.com.br\/noticia\/2012\/ibmecrj-recebe-inscricoes-para-o-vestibular-ate-5-de-junho\/39116","title":{"rendered":"Ibmec\/RJ recebe inscri\u00e7\u00f5es para o vestibular at\u00e9 5 de junho"},"content":{"rendered":"<p><a href=\"https:\/\/migracao.redenoticia.com.br\/noticia\/2011\/inscricoes-para-o-vestibulinho-das-etecs-comecam-dia-29-de-abril\/34769\/vestibular-4\" rel=\"attachment wp-att-34770\"><img loading=\"lazy\" decoding=\"async\" class=\"alignleft size-full wp-image-34770\" title=\"vestibular\" src=\"https:\/\/migracao.redenoticia.com.br\/noticia\/imagens\/vestibular1.jpg\" alt=\"\" width=\"301\" height=\"194\" srcset=\"https:\/\/migracao.redenoticia.com.br\/noticia\/imagens\/vestibular1.jpg 301w, https:\/\/migracao.redenoticia.com.br\/noticia\/imagens\/vestibular1-250x161.jpg 250w, https:\/\/migracao.redenoticia.com.br\/noticia\/imagens\/vestibular1-150x96.jpg 150w\" sizes=\"auto, (max-width: 301px) 100vw, 301px\" \/><\/a>Cursos de Propaganda &amp; Marketing e Jornalismo ser\u00e3o oferecidos no novo campus Barra.\u00a0O <em><strong>Ibmec\/RJ<\/strong><\/em> est\u00e1 com inscri\u00e7\u00f5es abertas para o vestibular do meio de ano at\u00e9 5 de junho. Os cursos de Propaganda &amp; Marketing e Jornalismo s\u00e3o as novidades do processo seletivo. As vagas de Comunica\u00e7\u00e3o Social ser\u00e3o oferecidas no novo campus do Ibmec na Barra. As inscri\u00e7\u00f5es devem ser realizadas no site vestibular.ibmec.br.<\/p>\n<p>Assim como Propaganda &amp; Marketing e Jornalismo, as vagas para Engenharia de Produ\u00e7\u00e3o tamb\u00e9m s\u00e3o oferecidas somente na Barra. Os cursos de Administra\u00e7\u00e3o, Economia e Rela\u00e7\u00f5es Internacionais t\u00eam vagas no campus Centro e no campus Barra. Para Direito e Ci\u00eancias Cont\u00e1beis, h\u00e1 oportunidades somente no campus Centro.<\/p>\n<p>A taxa de inscri\u00e7\u00e3o \u00e9 de R$ 120. Os candidatos ainda poder\u00e3o concorrer a vagas para o 1\u00ba semestre de 2013 e realizar a sua pr\u00e9-matr\u00edcula. Quem preferir pode utilizar a nota obtida em uma das edi\u00e7\u00f5es anteriores do ENEM (2009, 2010 ou 2011).<\/p>\n<p>As aulas ter\u00e3o in\u00edcio em 1\u00ba de agosto.<\/p>\n<p>Vestibular Ibmec-RJ 2012.2<\/p>\n<p>Inscri\u00e7\u00f5es: At\u00e9 5 de junho<br \/>\nTaxa de inscri\u00e7\u00e3o: R$ 120,00<br \/>\nProva: 14 de junho<br \/>\nIn\u00edcio das aulas: 1\u00ba de agosto<br \/>\nInforma\u00e7\u00f5es: (21) 3284-4000<br \/>\nSite: vestibular.ibmec.br<br \/>\nE-mail: contactcenterrj@ibmecrj.br<\/p>\n","protected":false},"excerpt":{"rendered":"<p>Cursos de Propaganda &amp; Marketing e Jornalismo ser\u00e3o oferecidos no novo campus Barra.\u00a0O Ibmec\/RJ est\u00e1 com inscri\u00e7\u00f5es abertas para o vestibular do meio de ano at\u00e9 5 de junho. Os cursos de Propaganda &amp; Marketing e Jornalismo s\u00e3o as novidades do processo seletivo. As vagas de Comunica\u00e7\u00e3o Social ser\u00e3o oferecidas no novo campus do Ibmec [&hellip;]<\/p>\n","protected":false},"author":5,"featured_media":34770,"comment_status":"open","ping_status":"closed","sticky":false,"template":"","format":"standard","meta":{"tdm_status":"","tdm_grid_status":"","footnotes":""},"categories":[22,370,295],"tags":[],"class_list":{"0":"post-39116","1":"post","2":"type-post","3":"status-publish","4":"format-standard","5":"has-post-thumbnail","7":"category-brasil","8":"category-inscricao","9":"category-vestibular"},"_links":{"self":[{"href":"https:\/\/migracao.redenoticia.com.br\/noticia\/wp-json\/wp\/v2\/posts\/39116","targetHints":{"allow":["GET"]}}],"collection":[{"href":"https:\/\/migracao.redenoticia.com.br\/noticia\/wp-json\/wp\/v2\/posts"}],"about":[{"href":"https:\/\/migracao.redenoticia.com.br\/noticia\/wp-json\/wp\/v2\/types\/post"}],"author":[{"embeddable":true,"href":"https:\/\/migracao.redenoticia.com.br\/noticia\/wp-json\/wp\/v2\/users\/5"}],"replies":[{"embeddable":true,"href":"https:\/\/migracao.redenoticia.com.br\/noticia\/wp-json\/wp\/v2\/comments?post=39116"}],"version-history":[{"count":0,"href":"https:\/\/migracao.redenoticia.com.br\/noticia\/wp-json\/wp\/v2\/posts\/39116\/revisions"}],"wp:featuredmedia":[{"embeddable":true,"href":"https:\/\/migracao.redenoticia.com.br\/noticia\/wp-json\/wp\/v2\/media\/34770"}],"wp:attachment":[{"href":"https:\/\/migracao.redenoticia.com.br\/noticia\/wp-json\/wp\/v2\/media?parent=39116"}],"wp:term":[{"taxonomy":"category","embeddable":true,"href":"https:\/\/migracao.redenoticia.com.br\/noticia\/wp-json\/wp\/v2\/categories?post=39116"},{"taxonomy":"post_tag","embeddable":true,"href":"https:\/\/migracao.redenoticia.com.br\/noticia\/wp-json\/wp\/v2\/tags?post=39116"}],"curies":[{"name":"wp","href":"https:\/\/api.w.org\/{rel}","templated":true}]}}