{"id":39138,"date":"2012-05-17T19:12:49","date_gmt":"2012-05-17T22:12:49","guid":{"rendered":"http:\/\/www.redenoticia.com.br\/noticia\/?p=39138"},"modified":"2012-05-17T19:12:51","modified_gmt":"2012-05-17T22:12:51","slug":"faperj-e-inmetro-lancam-edital-inedito-para-apoio-a-pesquisas-industriais-em-metrologia","status":"publish","type":"post","link":"https:\/\/migracao.redenoticia.com.br\/noticia\/2012\/faperj-e-inmetro-lancam-edital-inedito-para-apoio-a-pesquisas-industriais-em-metrologia\/39138","title":{"rendered":"Faperj e Inmetro lan\u00e7am edital in\u00e9dito para apoio a pesquisas industriais em metrologia"},"content":{"rendered":"<p><a href=\"https:\/\/migracao.redenoticia.com.br\/noticia\/2012\/faperj-e-inmetro-lancam-edital-inedito-para-apoio-a-pesquisas-industriais-em-metrologia\/39138\/indice3sxc_thumb-jpg\" rel=\"attachment wp-att-33929\"><img loading=\"lazy\" decoding=\"async\" class=\"alignleft size-full wp-image-33929\" title=\"indice3sxc_thumb.jpg\" src=\"https:\/\/migracao.redenoticia.com.br\/noticia\/imagens\/indice3sxc_thumb.jpg\" alt=\"\" width=\"240\" height=\"176\" srcset=\"https:\/\/migracao.redenoticia.com.br\/noticia\/imagens\/indice3sxc_thumb.jpg 240w, https:\/\/migracao.redenoticia.com.br\/noticia\/imagens\/indice3sxc_thumb-150x110.jpg 150w\" sizes=\"auto, (max-width: 240px) 100vw, 240px\" \/><\/a>Rio de Janeiro &#8211; A Funda\u00e7\u00e3o de Amparo \u00e0 Pesquisa do Estado do Rio de Janeiro (<strong><em>Faperj<\/em><\/strong>) lan\u00e7ou hoje (17), em parceria com o Instituto Nacional de Metrologia, Qualidade e Tecnologia (<strong><em>Inmetro<\/em><\/strong>), um edital in\u00e9dito, destinado a treinar, capacitar e desenvolver pesquisas em \u00e1reas de metrologia, acredita\u00e7\u00e3o, avalia\u00e7\u00e3o da conformidade.<\/p>\n<p>\u201cS\u00e3o \u00e1reas importantes para a ind\u00fastria, especialmente em quest\u00f5es que envolvem a exporta\u00e7\u00e3o\u201d, disse \u00e0\u00a0Ag\u00eancia Brasil\u00a0o chefe de gabinete da Faperj, Roberto D\u00f3ria. Ser\u00e3o ao todo 29 temas contemplados no edital, entre os quais qu\u00edmica, materiais, telecomunica\u00e7\u00f5es, f\u00e1rmacos, ci\u00eancias forenses, equipamentos m\u00e9dicos.<\/p>\n<p>O edital tem valor total de R$ 6 milh\u00f5es em bolsas, sendo R$ 4,8 milh\u00f5es do Inmetro e R$ 1,2 milh\u00e3o da Faperj. Dependendo da qualifica\u00e7\u00e3o e da experi\u00eancia do pesquisador, a bolsa poder\u00e1 atingir valor m\u00e1ximo de R$ 9,3 mil. D\u00f3ria disse que o pesquisador \u201ctem que ter 14 anos de experi\u00eancia profissional na \u00e1rea e doutorado\u201d. Estagi\u00e1rios de n\u00edvel t\u00e9cnico e superior tamb\u00e9m poder\u00e3o concorrer ao edital, cujo valor total da bolsa \u00e9 R$ 200.<\/p>\n<p>As inscri\u00e7\u00f5es para o edital ficar\u00e3o abertas at\u00e9 o dia 18 de junho pr\u00f3ximo. O resultado ser\u00e1 divulgado em julho e as bolsas come\u00e7ar\u00e3o a valer a partir de agosto. Elas ter\u00e3o vig\u00eancia de 12 meses, mas poder\u00e3o ser prorrogadas por mais dois anos. Para isso, os relat\u00f3rios apresentados pelos pesquisadores t\u00eam de estar dentro dos par\u00e2metros exigidos pela Faperj e pelo Inmetro, ressaltou D\u00f3ria.<\/p>\n<p>Somente em 2012, a Faperj lan\u00e7ou 24 editais. At\u00e9 o final do ano, o n\u00famero dever\u00e1 se elevar para 33 ou 34, estimou o chefe de gabinete do \u00f3rg\u00e3o, vinculado \u00e0 Secretaria Estadual de Ci\u00eancia e Tecnologia do Rio de Janeiro. A expectativa, acrescentou D\u00f3ria, \u00e9 que o or\u00e7amento aprovado para execu\u00e7\u00e3o nos editais de apoio \u00e0 pesquisa, este ano, supere R$ 350 milh\u00f5es.<\/p>\n<p>Hoje, a Faperj lan\u00e7ou o edital Apoio a Incubadoras de Empresas de Base Tecnol\u00f3gica no Estado do Rio de Janeiro. \u00c9 terceira edi\u00e7\u00e3o do edital, que disp\u00f5e de recursos de R$ 3 milh\u00f5es para financiamento de despesas de capital e de custeio. Em cada proposta, a solicita\u00e7\u00e3o ser\u00e1, no m\u00e1ximo, de R$ 300 mil. As inscri\u00e7\u00f5es se estender\u00e3o at\u00e9 26 de julho, com previs\u00e3o da divulga\u00e7\u00e3o dos resultados em setembro.<\/p>\n<p>Alana Gandra<br \/>\n<em>Rep\u00f3rter da Ag\u00eancia Brasil<\/em><\/p>\n<p><em>Edi\u00e7\u00e3o: A\u00e9cio Amado<\/em><\/p>\n","protected":false},"excerpt":{"rendered":"<p>Rio de Janeiro &#8211; A Funda\u00e7\u00e3o de Amparo \u00e0 Pesquisa do Estado do Rio de Janeiro (Faperj) lan\u00e7ou hoje (17), em parceria com o Instituto Nacional de Metrologia, Qualidade e Tecnologia (Inmetro), um edital in\u00e9dito, destinado a treinar, capacitar e desenvolver pesquisas em \u00e1reas de metrologia, acredita\u00e7\u00e3o, avalia\u00e7\u00e3o da conformidade. \u201cS\u00e3o \u00e1reas importantes para a [&hellip;]<\/p>\n","protected":false},"author":5,"featured_media":33929,"comment_status":"open","ping_status":"closed","sticky":false,"template":"","format":"standard","meta":{"tdm_status":"","tdm_grid_status":"","footnotes":""},"categories":[22],"tags":[],"class_list":{"0":"post-39138","1":"post","2":"type-post","3":"status-publish","4":"format-standard","5":"has-post-thumbnail","7":"category-brasil"},"_links":{"self":[{"href":"https:\/\/migracao.redenoticia.com.br\/noticia\/wp-json\/wp\/v2\/posts\/39138","targetHints":{"allow":["GET"]}}],"collection":[{"href":"https:\/\/migracao.redenoticia.com.br\/noticia\/wp-json\/wp\/v2\/posts"}],"about":[{"href":"https:\/\/migracao.redenoticia.com.br\/noticia\/wp-json\/wp\/v2\/types\/post"}],"author":[{"embeddable":true,"href":"https:\/\/migracao.redenoticia.com.br\/noticia\/wp-json\/wp\/v2\/users\/5"}],"replies":[{"embeddable":true,"href":"https:\/\/migracao.redenoticia.com.br\/noticia\/wp-json\/wp\/v2\/comments?post=39138"}],"version-history":[{"count":0,"href":"https:\/\/migracao.redenoticia.com.br\/noticia\/wp-json\/wp\/v2\/posts\/39138\/revisions"}],"wp:featuredmedia":[{"embeddable":true,"href":"https:\/\/migracao.redenoticia.com.br\/noticia\/wp-json\/wp\/v2\/media\/33929"}],"wp:attachment":[{"href":"https:\/\/migracao.redenoticia.com.br\/noticia\/wp-json\/wp\/v2\/media?parent=39138"}],"wp:term":[{"taxonomy":"category","embeddable":true,"href":"https:\/\/migracao.redenoticia.com.br\/noticia\/wp-json\/wp\/v2\/categories?post=39138"},{"taxonomy":"post_tag","embeddable":true,"href":"https:\/\/migracao.redenoticia.com.br\/noticia\/wp-json\/wp\/v2\/tags?post=39138"}],"curies":[{"name":"wp","href":"https:\/\/api.w.org\/{rel}","templated":true}]}}