{"id":39170,"date":"2012-05-21T14:30:17","date_gmt":"2012-05-21T17:30:17","guid":{"rendered":"http:\/\/www.redenoticia.com.br\/noticia\/?p=39170"},"modified":"2012-05-21T14:30:20","modified_gmt":"2012-05-21T17:30:20","slug":"professores-de-38-universidades-aderem-a-greve-diz-andes","status":"publish","type":"post","link":"https:\/\/migracao.redenoticia.com.br\/noticia\/2012\/professores-de-38-universidades-aderem-a-greve-diz-andes\/39170","title":{"rendered":"Professores de 38 universidades aderem \u00e0 greve, diz Andes"},"content":{"rendered":"<p><a href=\"https:\/\/migracao.redenoticia.com.br\/noticia\/2011\/santos-tera-nova-faculdade-de-tecnologia\/36236\/professor-b\" rel=\"attachment wp-att-36241\"><img loading=\"lazy\" decoding=\"async\" class=\"alignleft size-full wp-image-36241\" title=\"professor b\" src=\"https:\/\/migracao.redenoticia.com.br\/noticia\/imagens\/professor-b.jpg\" alt=\"\" width=\"300\" height=\"193\" srcset=\"https:\/\/migracao.redenoticia.com.br\/noticia\/imagens\/professor-b.jpg 300w, https:\/\/migracao.redenoticia.com.br\/noticia\/imagens\/professor-b-250x161.jpg 250w, https:\/\/migracao.redenoticia.com.br\/noticia\/imagens\/professor-b-150x97.jpg 150w\" sizes=\"auto, (max-width: 300px) 100vw, 300px\" \/><\/a>Bras\u00edlia \u2013 <strong><em>Professores<\/em><\/strong> de 38 das 59 <strong><em>institui\u00e7\u00f5es federais<\/em><\/strong> de ensino aderiram \u00e0 greve iniciada na \u00faltima quinta-feira (17), segundo balan\u00e7o do Sindicato Nacional dos Docentes de Ensino Superior (Andes-SN).<\/p>\n<p>De acordo com o respons\u00e1vel pelo Comando Nacional de Greve do Andes-SN, Alu\u00edsio Finazzi, o atual plano de carreira n\u00e3o possibilita um crescimento satisfat\u00f3rio do professor. \u201cPrecisamos mudar isso, temos uma reuni\u00e3o marcada com o Minist\u00e9rio do Planejamento, o Minist\u00e9rio da Educa\u00e7\u00e3o e sindicatos para o pr\u00f3ximo dia 28. Esse per\u00edodo ser\u00e1 de mobiliza\u00e7\u00e3o, pelo menos at\u00e9 essa data estaremos em greve\u201d, disse \u00a0Finazzi.<\/p>\n<p>Na Universidade de Bras\u00edlia (UnB), os professores come\u00e7aram a paralisar as atividades hoje (21). A decis\u00e3o foi tomada em assembleia na \u00faltima sexta-feira (21) e segue o movimento nacional.<\/p>\n<p>O presidente da Associa\u00e7\u00e3o dos Docentes da Universidade de Bras\u00edlia (AdUnB), Ebnezer Nogueira, disse que a principal reivindica\u00e7\u00e3o \u00e9 a reestrutura\u00e7\u00e3o da carreira docente. Segundo ele, a categoria luta por essa melhoria desde 1987. Ainda de acordo com Nogueira, em agosto do ano passado, foi firmado um acordo com o Minist\u00e9rio da Educa\u00e7\u00e3o (MEC), por\u00e9m, nada foi concretizado. \u201cSomos a \u00fanica categoria que n\u00e3o teve a reestrutura\u00e7\u00e3o do plano de carreira, este momento \u00e9 muito importante para fortalecer o nosso movimento, precisamos estar firmes contra a desvaloriza\u00e7\u00e3o profissional dos nossos professores e professoras&#8221;, acrescentou Nogueira.<\/p>\n<p>A maior parte dos estudantes da UnB entrevistados hoje (21) pela\u00a0<strong>Ag\u00eancia Brasil<\/strong>\u00a0disse que as aulas n\u00e3o foram paralisadas. O presidente da Adunb minimizou a falta de ades\u00e3o \u00e0 greve afirmando que hoje \u00e9 o primeiro dia e que, em geral, os professores come\u00e7am a paralisar suas atividades ao longo da semana.<\/p>\n<p>Em nota, o Minist\u00e9rio da Educa\u00e7\u00e3o (MEC) informou que o plano de carreira de professores e funcion\u00e1rios deve ser aplicado somente em 2013. Segundo o MEC, as negocia\u00e7\u00f5es salariais com a categoria come\u00e7aram em agosto do ano passado, quando se acertou um reajuste de 4% &#8211; j\u00e1 garantido por medida provis\u00f3ria assinada no dia 11 de maio. O aumento ser\u00e1 retroativo a mar\u00e7o.<\/p>\n<p>Da Ag\u00eancia Brasil<\/p>\n<p>Edi\u00e7\u00e3o: L\u00edlian Beraldo<\/p>\n","protected":false},"excerpt":{"rendered":"<p>Bras\u00edlia \u2013 Professores de 38 das 59 institui\u00e7\u00f5es federais de ensino aderiram \u00e0 greve iniciada na \u00faltima quinta-feira (17), segundo balan\u00e7o do Sindicato Nacional dos Docentes de Ensino Superior (Andes-SN). De acordo com o respons\u00e1vel pelo Comando Nacional de Greve do Andes-SN, Alu\u00edsio Finazzi, o atual plano de carreira n\u00e3o possibilita um crescimento satisfat\u00f3rio do [&hellip;]<\/p>\n","protected":false},"author":5,"featured_media":36241,"comment_status":"open","ping_status":"closed","sticky":false,"template":"","format":"standard","meta":{"tdm_status":"","tdm_grid_status":"","footnotes":""},"categories":[22],"tags":[],"class_list":{"0":"post-39170","1":"post","2":"type-post","3":"status-publish","4":"format-standard","5":"has-post-thumbnail","7":"category-brasil"},"_links":{"self":[{"href":"https:\/\/migracao.redenoticia.com.br\/noticia\/wp-json\/wp\/v2\/posts\/39170","targetHints":{"allow":["GET"]}}],"collection":[{"href":"https:\/\/migracao.redenoticia.com.br\/noticia\/wp-json\/wp\/v2\/posts"}],"about":[{"href":"https:\/\/migracao.redenoticia.com.br\/noticia\/wp-json\/wp\/v2\/types\/post"}],"author":[{"embeddable":true,"href":"https:\/\/migracao.redenoticia.com.br\/noticia\/wp-json\/wp\/v2\/users\/5"}],"replies":[{"embeddable":true,"href":"https:\/\/migracao.redenoticia.com.br\/noticia\/wp-json\/wp\/v2\/comments?post=39170"}],"version-history":[{"count":0,"href":"https:\/\/migracao.redenoticia.com.br\/noticia\/wp-json\/wp\/v2\/posts\/39170\/revisions"}],"wp:featuredmedia":[{"embeddable":true,"href":"https:\/\/migracao.redenoticia.com.br\/noticia\/wp-json\/wp\/v2\/media\/36241"}],"wp:attachment":[{"href":"https:\/\/migracao.redenoticia.com.br\/noticia\/wp-json\/wp\/v2\/media?parent=39170"}],"wp:term":[{"taxonomy":"category","embeddable":true,"href":"https:\/\/migracao.redenoticia.com.br\/noticia\/wp-json\/wp\/v2\/categories?post=39170"},{"taxonomy":"post_tag","embeddable":true,"href":"https:\/\/migracao.redenoticia.com.br\/noticia\/wp-json\/wp\/v2\/tags?post=39170"}],"curies":[{"name":"wp","href":"https:\/\/api.w.org\/{rel}","templated":true}]}}