{"id":39175,"date":"2012-05-21T14:50:30","date_gmt":"2012-05-21T17:50:30","guid":{"rendered":"http:\/\/www.redenoticia.com.br\/noticia\/?p=39175"},"modified":"2012-05-26T20:01:18","modified_gmt":"2012-05-26T23:01:18","slug":"instituicoes-particulares-tem-ate-12-de-junho-para-firmar-termo-de-adesao","status":"publish","type":"post","link":"https:\/\/migracao.redenoticia.com.br\/noticia\/2012\/instituicoes-particulares-tem-ate-12-de-junho-para-firmar-termo-de-adesao\/39175","title":{"rendered":"Institui\u00e7\u00f5es particulares t\u00eam at\u00e9 12 de junho para firmar termo de ades\u00e3o"},"content":{"rendered":"<p><a href=\"https:\/\/migracao.redenoticia.com.br\/noticia\/2011\/inscricoes-para-o-vestibulinho-das-etecs-comecam-dia-29-de-abril\/34769\/vestibular-4\" rel=\"attachment wp-att-34770\"><img loading=\"lazy\" decoding=\"async\" class=\"alignleft size-full wp-image-34770\" title=\"vestibular\" src=\"https:\/\/migracao.redenoticia.com.br\/noticia\/imagens\/vestibular1.jpg\" alt=\"\" width=\"301\" height=\"194\" srcset=\"https:\/\/migracao.redenoticia.com.br\/noticia\/imagens\/vestibular1.jpg 301w, https:\/\/migracao.redenoticia.com.br\/noticia\/imagens\/vestibular1-250x161.jpg 250w, https:\/\/migracao.redenoticia.com.br\/noticia\/imagens\/vestibular1-150x96.jpg 150w\" sizes=\"auto, (max-width: 301px) 100vw, 301px\" \/><\/a>As<strong><em> institui\u00e7\u00f5es particulares<\/em><\/strong> de educa\u00e7\u00e3o superior interessadas em participar do processo seletivo do Programa Universidade para Todos (<strong><em>ProUni<\/em><\/strong>) para o segundo semestre de 2012 t\u00eam prazo at\u00e9 12 de junho para firmar o termo de ades\u00e3o. Aquelas que j\u00e1 participam do programa devem emitir termo aditivo, no mesmo prazo.<\/p>\n<p>Criado em 2005, o ProUni, programa do Minist\u00e9rio da Educa\u00e7\u00e3o, oferece bolsas de estudos em institui\u00e7\u00f5es particulares de ensino superior a estudantes egressos do ensino m\u00e9dio da rede p\u00fablica. Tamb\u00e9m s\u00e3o atendidos os bolsistas integrais oriundos da rede particular. Os candidatos s\u00e3o selecionados pelas notas obtidas no Exame Nacional do Ensino M\u00e9dio (Enem).<\/p>\n<p>Podem se candidatar \u00e0s bolsas integrais estudantes com renda familiar, por pessoa, de at\u00e9 um sal\u00e1rio m\u00ednimo e meio (R$ 933). As bolsas parciais s\u00e3o destinadas a candidatos com renda familiar de at\u00e9 tr\u00eas sal\u00e1rios m\u00ednimos (R$ 1.866) por pessoa.<\/p>\n<p>Professores da rede p\u00fablica de ensino b\u00e1sico tamb\u00e9m podem concorrer a bolsas em cursos de licenciatura, curso normal superior ou de pedagogia. Eles n\u00e3o precisam cumprir o crit\u00e9rio de renda, desde que estejam em efetivo exerc\u00edcio e integrem o quadro permanente da escola na qual atuam. O programa j\u00e1 concedeu mais de 1 milh\u00e3o de bolsas.<\/p>\n<p>A emiss\u00e3o dos termos de ades\u00e3o pelas institui\u00e7\u00f5es de ensino deve ser feita pela internet, no Sistema Informatizado do ProUni (SisProUni).<\/p>\n<p>A Portaria Normativa do MEC n\u00ba 9, que define as regras para ades\u00e3o ao programa, foi publicada no Di\u00e1rio Oficial da Uni\u00e3o de sexta-feira, 18, se\u00e7\u00e3o 1, p\u00e1gina 10.<\/p>\n","protected":false},"excerpt":{"rendered":"<p>As institui\u00e7\u00f5es particulares de educa\u00e7\u00e3o superior interessadas em participar do processo seletivo do Programa Universidade para Todos (ProUni) para o segundo semestre de 2012 t\u00eam prazo at\u00e9 12 de junho para firmar o termo de ades\u00e3o. Aquelas que j\u00e1 participam do programa devem emitir termo aditivo, no mesmo prazo. Criado em 2005, o ProUni, programa [&hellip;]<\/p>\n","protected":false},"author":5,"featured_media":34770,"comment_status":"open","ping_status":"closed","sticky":false,"template":"","format":"standard","meta":{"tdm_status":"","tdm_grid_status":"","footnotes":""},"categories":[22,370,295],"tags":[],"class_list":{"0":"post-39175","1":"post","2":"type-post","3":"status-publish","4":"format-standard","5":"has-post-thumbnail","7":"category-brasil","8":"category-inscricao","9":"category-vestibular"},"_links":{"self":[{"href":"https:\/\/migracao.redenoticia.com.br\/noticia\/wp-json\/wp\/v2\/posts\/39175","targetHints":{"allow":["GET"]}}],"collection":[{"href":"https:\/\/migracao.redenoticia.com.br\/noticia\/wp-json\/wp\/v2\/posts"}],"about":[{"href":"https:\/\/migracao.redenoticia.com.br\/noticia\/wp-json\/wp\/v2\/types\/post"}],"author":[{"embeddable":true,"href":"https:\/\/migracao.redenoticia.com.br\/noticia\/wp-json\/wp\/v2\/users\/5"}],"replies":[{"embeddable":true,"href":"https:\/\/migracao.redenoticia.com.br\/noticia\/wp-json\/wp\/v2\/comments?post=39175"}],"version-history":[{"count":0,"href":"https:\/\/migracao.redenoticia.com.br\/noticia\/wp-json\/wp\/v2\/posts\/39175\/revisions"}],"wp:featuredmedia":[{"embeddable":true,"href":"https:\/\/migracao.redenoticia.com.br\/noticia\/wp-json\/wp\/v2\/media\/34770"}],"wp:attachment":[{"href":"https:\/\/migracao.redenoticia.com.br\/noticia\/wp-json\/wp\/v2\/media?parent=39175"}],"wp:term":[{"taxonomy":"category","embeddable":true,"href":"https:\/\/migracao.redenoticia.com.br\/noticia\/wp-json\/wp\/v2\/categories?post=39175"},{"taxonomy":"post_tag","embeddable":true,"href":"https:\/\/migracao.redenoticia.com.br\/noticia\/wp-json\/wp\/v2\/tags?post=39175"}],"curies":[{"name":"wp","href":"https:\/\/api.w.org\/{rel}","templated":true}]}}