{"id":39197,"date":"2012-05-23T16:48:51","date_gmt":"2012-05-23T19:48:51","guid":{"rendered":"http:\/\/www.redenoticia.com.br\/noticia\/?p=39197"},"modified":"2012-05-23T16:48:53","modified_gmt":"2012-05-23T19:48:53","slug":"fapesp-amplia-programa-pipe","status":"publish","type":"post","link":"https:\/\/migracao.redenoticia.com.br\/noticia\/2012\/fapesp-amplia-programa-pipe\/39197","title":{"rendered":"FAPESP amplia Programa PIPE"},"content":{"rendered":"<p><a href=\"https:\/\/migracao.redenoticia.com.br\/noticia\/2011\/usp-propoe-novos-destinos-para-computadores-usados\/37418\/computador-tecnologia\" rel=\"attachment wp-att-37419\"><img loading=\"lazy\" decoding=\"async\" class=\"alignleft size-full wp-image-37419\" title=\"computador tecnologia\" src=\"https:\/\/migracao.redenoticia.com.br\/noticia\/imagens\/computador-tecnologia.jpg\" alt=\"\" width=\"300\" height=\"193\" srcset=\"https:\/\/migracao.redenoticia.com.br\/noticia\/imagens\/computador-tecnologia.jpg 300w, https:\/\/migracao.redenoticia.com.br\/noticia\/imagens\/computador-tecnologia-250x161.jpg 250w, https:\/\/migracao.redenoticia.com.br\/noticia\/imagens\/computador-tecnologia-150x97.jpg 150w\" sizes=\"auto, (max-width: 300px) 100vw, 300px\" \/><\/a>Ag\u00eancia <strong><em>FAPESP<\/em><\/strong>\u00a0\u2013 A FAPESP anuncia uma s\u00e9rie de novidades que amplia a a\u00e7\u00e3o do Programa de Pesquisa Inovativa em Pequenas Empresas (<strong><em>PIPE<\/em><\/strong>).\u00a0O valor m\u00e1ximo de financiamento para cada projeto na Fase 1 (An\u00e1lise de Viabilidade T\u00e9cnico-Cient\u00edfica) do Programa passa de R$ 125 mil para R$ 200 mil. Para a Fase 2, de Desenvolvimento da Proposta de Pesquisa, o valor m\u00e1ximo aumentou de R$ 500 mil para R$ 1 milh\u00e3o.<\/p>\n<p>O PIPE tamb\u00e9m passa a ter mais um ciclo de an\u00e1lise anual. As propostas para o Programa ser\u00e3o avaliadas quatro vezes ao ano. Os prazos finais para apresenta\u00e7\u00e3o de propostas para cada ciclo de an\u00e1lise s\u00e3o: 17 de fevereiro (1\u00ba ciclo), 18 de maio (2\u00ba ciclo), 10 de agosto (3\u00ba ciclo) e 29 de outubro (4\u00ba ciclo).<\/p>\n<p>Em outra novidade, o PIPE passa a aceitar propostas de empresas de pequeno porte com no m\u00e1ximo 250 empregados \u2013 at\u00e9 ent\u00e3o o limite era de 100.<\/p>\n<p>A FAPESP lan\u00e7a chamada de propostas para o 3\u00ba Ciclo de An\u00e1lise em 2012. As propostas de financiamento devem conter projetos de pesquisa que podem ser desenvolvidos tanto na Fase 1 como na Fase 2.<\/p>\n<p>A Fase 1, da demonstra\u00e7\u00e3o da viabilidade tecnol\u00f3gica de um produto ou processo, tem dura\u00e7\u00e3o m\u00e1xima de nove meses e recursos de at\u00e9 R$ 200 mil. A Fase 2, do desenvolvimento do produto ou processo inovador, tem dura\u00e7\u00e3o m\u00e1xima de 24 meses e recursos de at\u00e9 R$ 1 milh\u00e3o.<\/p>\n<p>A FAPESP reservou at\u00e9 R$ 20 milh\u00f5es para atendimento \u00e0s propostas selecionadas na chamada. A data limite para apresenta\u00e7\u00e3o das propostas na FAPESP \u00e9 10 de agosto.<\/p>\n<p>Mais informa\u00e7\u00f5es:\u00a0<a href=\"http:\/\/www.fapesp.br\/pipe\" target=\"_blank\">www.fapesp.br\/pipe<\/a>.<\/p>\n","protected":false},"excerpt":{"rendered":"<p>Ag\u00eancia FAPESP\u00a0\u2013 A FAPESP anuncia uma s\u00e9rie de novidades que amplia a a\u00e7\u00e3o do Programa de Pesquisa Inovativa em Pequenas Empresas (PIPE).\u00a0O valor m\u00e1ximo de financiamento para cada projeto na Fase 1 (An\u00e1lise de Viabilidade T\u00e9cnico-Cient\u00edfica) do Programa passa de R$ 125 mil para R$ 200 mil. Para a Fase 2, de Desenvolvimento da Proposta [&hellip;]<\/p>\n","protected":false},"author":5,"featured_media":37419,"comment_status":"open","ping_status":"closed","sticky":false,"template":"","format":"standard","meta":{"tdm_status":"","tdm_grid_status":"","footnotes":""},"categories":[22],"tags":[],"class_list":{"0":"post-39197","1":"post","2":"type-post","3":"status-publish","4":"format-standard","5":"has-post-thumbnail","7":"category-brasil"},"_links":{"self":[{"href":"https:\/\/migracao.redenoticia.com.br\/noticia\/wp-json\/wp\/v2\/posts\/39197","targetHints":{"allow":["GET"]}}],"collection":[{"href":"https:\/\/migracao.redenoticia.com.br\/noticia\/wp-json\/wp\/v2\/posts"}],"about":[{"href":"https:\/\/migracao.redenoticia.com.br\/noticia\/wp-json\/wp\/v2\/types\/post"}],"author":[{"embeddable":true,"href":"https:\/\/migracao.redenoticia.com.br\/noticia\/wp-json\/wp\/v2\/users\/5"}],"replies":[{"embeddable":true,"href":"https:\/\/migracao.redenoticia.com.br\/noticia\/wp-json\/wp\/v2\/comments?post=39197"}],"version-history":[{"count":0,"href":"https:\/\/migracao.redenoticia.com.br\/noticia\/wp-json\/wp\/v2\/posts\/39197\/revisions"}],"wp:featuredmedia":[{"embeddable":true,"href":"https:\/\/migracao.redenoticia.com.br\/noticia\/wp-json\/wp\/v2\/media\/37419"}],"wp:attachment":[{"href":"https:\/\/migracao.redenoticia.com.br\/noticia\/wp-json\/wp\/v2\/media?parent=39197"}],"wp:term":[{"taxonomy":"category","embeddable":true,"href":"https:\/\/migracao.redenoticia.com.br\/noticia\/wp-json\/wp\/v2\/categories?post=39197"},{"taxonomy":"post_tag","embeddable":true,"href":"https:\/\/migracao.redenoticia.com.br\/noticia\/wp-json\/wp\/v2\/tags?post=39197"}],"curies":[{"name":"wp","href":"https:\/\/api.w.org\/{rel}","templated":true}]}}