{"id":39205,"date":"2012-05-24T16:58:41","date_gmt":"2012-05-24T19:58:41","guid":{"rendered":"http:\/\/www.redenoticia.com.br\/noticia\/?p=39205"},"modified":"2012-05-24T16:58:44","modified_gmt":"2012-05-24T19:58:44","slug":"feirao-da-casa-propria-chega-a-porto-alegre-campinas-e-uberlandia","status":"publish","type":"post","link":"https:\/\/migracao.redenoticia.com.br\/noticia\/2012\/feirao-da-casa-propria-chega-a-porto-alegre-campinas-e-uberlandia\/39205","title":{"rendered":"Feir\u00e3o da Casa Pr\u00f3pria chega a Porto Alegre, Campinas e Uberl\u00e2ndia"},"content":{"rendered":"<p><a href=\"https:\/\/migracao.redenoticia.com.br\/noticia\/2011\/setimo-feirao-caixa-casa-propria-mais-de-450-mil-imoveis\/34927\/caixa\" rel=\"attachment wp-att-34928\"><img loading=\"lazy\" decoding=\"async\" class=\"alignleft size-full wp-image-34928\" title=\"caixa\" src=\"https:\/\/migracao.redenoticia.com.br\/noticia\/imagens\/caixa.jpg\" alt=\"\" width=\"300\" height=\"193\" srcset=\"https:\/\/migracao.redenoticia.com.br\/noticia\/imagens\/caixa.jpg 300w, https:\/\/migracao.redenoticia.com.br\/noticia\/imagens\/caixa-250x160.jpg 250w, https:\/\/migracao.redenoticia.com.br\/noticia\/imagens\/caixa-150x96.jpg 150w\" sizes=\"auto, (max-width: 300px) 100vw, 300px\" \/><\/a>Com R$ 9,6 bilh\u00f5es em neg\u00f3cios habitacionais j\u00e1 contabilizados, evento vai oferecer no pr\u00f3ximo final de semana mais 68 mil im\u00f3veis.\u00a0As cidades de Porto Alegre\/RS, Campinas\/SP e Uberl\u00e2ndia\/MG recebem, a partir de amanh\u00e3 (25), o 8\u00ba <strong><em>Feir\u00e3o CAIXA da Casa Pr\u00f3pria<\/em><\/strong>. Juntas, elas oferecer\u00e3o mais de 68 mil im\u00f3veis novos, usados e na planta. Somente na capital ga\u00facha, ser\u00e3o cerca de 30 mil moradias; Campinas conta, este ano, com 25 mil unidades. Uberl\u00e2ndia colocar\u00e1 \u00e0 disposi\u00e7\u00e3o do p\u00fablico mais de 13 mil im\u00f3veis. O Feir\u00e3o j\u00e1 passou por oito grandes cidades brasileiras, onde foram movimentados cerca de R$ 9,6 bilh\u00f5es, n\u00famero muito pr\u00f3ximo do resultado geral do ano passado (R$ 10 bilh\u00f5es).<\/p>\n<p>Segundo o vice-presidente de Governo e Habita\u00e7\u00e3o da CAIXA, Jos\u00e9 Urbano Duarte, o expressivo volume de neg\u00f3cios no evento este ano se justifica, principalmente, pela recente redu\u00e7\u00e3o de juros realizada pela CAIXA no cr\u00e9dito imobili\u00e1rio, a crescente capacidade de pagamento das fam\u00edlias, e os incentivos do Programa Minha Casa Minha Vida (PMCMV). \u201cEsses tr\u00eas pontos s\u00e3o important\u00edssimos na decis\u00e3o da compra. As fam\u00edlias, hoje, t\u00eam mais confian\u00e7a para adquirir o financiamento e seguran\u00e7a de que honrar\u00e1 com o compromisso assumido. Al\u00e9m disso, no Feir\u00e3o, o processo de aquisi\u00e7\u00e3o do im\u00f3vel \u00e9 muito facilitado, pois tudo acontece num \u00fanico espa\u00e7o, onde est\u00e3o, juntos, construtoras, corretores, e t\u00e9cnicos da CAIXA, o que poupa tempo e dinheiro para as fam\u00edlias\u201d, analisou.<\/p>\n<p>O Feir\u00e3o j\u00e1 ocorreu este ano em Bras\u00edlia\/DF, Belo Horizonte\/MG, Recife\/PE, Salvador\/BA, Rio de Janeiro\/RJ, Curitiba\/PR, Fortaleza\/CE e S\u00e3o Paulo\/SP. Depois de Porto Alegre, Campinas e Uberl\u00e2ndia, ser\u00e1 a vez de Bel\u00e9m\/PA e Florian\u00f3polis\/SC, entre os dias 08 e 10 de junho. Considerado o maior evento do setor imobili\u00e1rio, o Feir\u00e3o CAIXA da Casa Pr\u00f3pria, em sua oitava edi\u00e7\u00e3o, oferece mais de 430 mil im\u00f3veis em todo o pa\u00eds.<\/p>\n<p>A rede de ag\u00eancias da CAIXA continua a atender as pessoas interessadas em financiar um im\u00f3vel, com as mesmas condi\u00e7\u00f5es do Feir\u00e3o. O site oficial www.feirao.caixa.gov.br tamb\u00e9m permanecer\u00e1 dispon\u00edvel aos interessados.<\/p>\n<p>FEIR\u00c3O DATA LOCAL<br \/>\nUberl\u00e2ndia 25 a 27 de maio UB &#8211; Center Convention<br \/>\nCampinas 25 a 27 de maio Parque D. Pedro Shopping<br \/>\nPorto Alegre 25 a 27 de maio FIERGS<br \/>\nBel\u00e9m 08 a 10 de junho Hangar Centro de Conviv\u00eancia da Amaz\u00f4nia<br \/>\nFlorian\u00f3polis 08 a 10 de junho Centro de Conven\u00e7\u00f5es<\/p>\n","protected":false},"excerpt":{"rendered":"<p>Com R$ 9,6 bilh\u00f5es em neg\u00f3cios habitacionais j\u00e1 contabilizados, evento vai oferecer no pr\u00f3ximo final de semana mais 68 mil im\u00f3veis.\u00a0As cidades de Porto Alegre\/RS, Campinas\/SP e Uberl\u00e2ndia\/MG recebem, a partir de amanh\u00e3 (25), o 8\u00ba Feir\u00e3o CAIXA da Casa Pr\u00f3pria. Juntas, elas oferecer\u00e3o mais de 68 mil im\u00f3veis novos, usados e na planta. Somente [&hellip;]<\/p>\n","protected":false},"author":5,"featured_media":34928,"comment_status":"open","ping_status":"closed","sticky":false,"template":"","format":"standard","meta":{"tdm_status":"","tdm_grid_status":"","footnotes":""},"categories":[22],"tags":[],"class_list":{"0":"post-39205","1":"post","2":"type-post","3":"status-publish","4":"format-standard","5":"has-post-thumbnail","7":"category-brasil"},"_links":{"self":[{"href":"https:\/\/migracao.redenoticia.com.br\/noticia\/wp-json\/wp\/v2\/posts\/39205","targetHints":{"allow":["GET"]}}],"collection":[{"href":"https:\/\/migracao.redenoticia.com.br\/noticia\/wp-json\/wp\/v2\/posts"}],"about":[{"href":"https:\/\/migracao.redenoticia.com.br\/noticia\/wp-json\/wp\/v2\/types\/post"}],"author":[{"embeddable":true,"href":"https:\/\/migracao.redenoticia.com.br\/noticia\/wp-json\/wp\/v2\/users\/5"}],"replies":[{"embeddable":true,"href":"https:\/\/migracao.redenoticia.com.br\/noticia\/wp-json\/wp\/v2\/comments?post=39205"}],"version-history":[{"count":0,"href":"https:\/\/migracao.redenoticia.com.br\/noticia\/wp-json\/wp\/v2\/posts\/39205\/revisions"}],"wp:featuredmedia":[{"embeddable":true,"href":"https:\/\/migracao.redenoticia.com.br\/noticia\/wp-json\/wp\/v2\/media\/34928"}],"wp:attachment":[{"href":"https:\/\/migracao.redenoticia.com.br\/noticia\/wp-json\/wp\/v2\/media?parent=39205"}],"wp:term":[{"taxonomy":"category","embeddable":true,"href":"https:\/\/migracao.redenoticia.com.br\/noticia\/wp-json\/wp\/v2\/categories?post=39205"},{"taxonomy":"post_tag","embeddable":true,"href":"https:\/\/migracao.redenoticia.com.br\/noticia\/wp-json\/wp\/v2\/tags?post=39205"}],"curies":[{"name":"wp","href":"https:\/\/api.w.org\/{rel}","templated":true}]}}