{"id":3921,"date":"2009-06-26T15:57:38","date_gmt":"2009-06-26T19:57:38","guid":{"rendered":"http:\/\/www.redenoticia.com.br\/noticia\/?p=3921"},"modified":"2009-06-26T18:42:55","modified_gmt":"2009-06-26T22:42:55","slug":"nestas-ferias-conheca-o-brasil-atraves-do-turismo-social","status":"publish","type":"post","link":"https:\/\/migracao.redenoticia.com.br\/noticia\/2009\/nestas-ferias-conheca-o-brasil-atraves-do-turismo-social\/3921","title":{"rendered":"Nestas f\u00e9rias conhe\u00e7a o Brasil atrav\u00e9s do turismo social"},"content":{"rendered":"<p><a href=\"https:\/\/migracao.redenoticia.com.br\/noticia\/imagens\/\/turismo.jpg\"><img loading=\"lazy\" decoding=\"async\" class=\"alignleft size-medium wp-image-3957\" title=\"turismo\" src=\"https:\/\/migracao.redenoticia.com.br\/noticia\/imagens\/\/turismo-249x187.jpg\" alt=\"turismo\" width=\"249\" height=\"187\" \/><\/a>Atrativos tur\u00edsticos do Paran\u00e1 e do Brasil s\u00e3o destinos dos passeios e excurs\u00f5es promovidos pelo Sesc, no m\u00eas de julho<\/p>\n<p>Norte, Centro Oeste, Sul, Sudoeste e Nordeste. O Sesc (Servi\u00e7o Social do Com\u00e9rcio), uma entidade do Sistema Fecom\u00e9rcio Sesc Senac, mantida e administrada por empres\u00e1rios do com\u00e9rcio de bens, servi\u00e7os e turismo, est\u00e1 presente em todas as regi\u00f5es do Brasil. Para fazer os brasileiros conhecerem o seu pa\u00eds e cultivarem h\u00e1bitos saud\u00e1veis, promove passeios e excurs\u00f5es por diversas cidades e estados.<\/p>\n<p>A entidade oferece 42 op\u00e7\u00f5es de hospedagem e lazer nas principais cidades tur\u00edsticas de 19 estados e no Distrito Federal. H\u00e1 a previs\u00e3o de inaugura\u00e7\u00e3o, ainda este ano, de outras duas, em Manaus-AM e Itaparica-BA.<\/p>\n<p>As reservas nos hot\u00e9is podem ser efetuadas pelo telefone do Turismo Social, (41) 3304-2204, ou ent\u00e3o, pelo e-mail turismo@sescpr.com.br.<\/p>\n<p>Como participar?<\/p>\n<p>Para participar de todas as atividades desenvolvidas pelo Sesc \u00e9 necess\u00e1rio fazer carteira de usu\u00e1rio, gratuita para comerci\u00e1rios, dependentes, conveniados e empres\u00e1rios do com\u00e9rcio. Para n\u00e3o-comerci\u00e1rio \u00e9 cobrada a taxa de R$ 2,00 para emiss\u00e3o da carteira.<\/p>\n<p>A rela\u00e7\u00e3o da documenta\u00e7\u00e3o necess\u00e1ria para efetuar a carteira pode ser obtida atrav\u00e9s do telefone (41) 3304-2266.<\/p>\n<p>Calend\u00e1rio de Excurs\u00f5es de julho 2009:<\/p>\n<p>03 a 10\/07: Pantanal (A\u00e9rea)<\/p>\n<p>04 a 11\/07: Belo Horizonte, Ouro Preto e Cidades Hist\u00f3ricas (MG)<\/p>\n<p>04 a 13\/07: Caldas Novas (GO)<\/p>\n<p>05 a 12\/07: Miss\u00f5es Jesu\u00edticas (Brasil, Argentina e Paraguai)<\/p>\n<p>10 a 16\/07: Gramado e Serra Ga\u00facha (RS)<\/p>\n<p>11 a 20\/07: Caldas Novas (GO)<\/p>\n<p>13 a 22\/07: Caldas Novas (GO)<\/p>\n<p>13 a 23\/07: Guarapari e Praia Formosa (ES)<\/p>\n<p>14 a 22\/07: Roteiro Integrado &#8211; Torres, Porto Alegre e Gramado (RS)<\/p>\n<p>14 a 25\/07: Pantanal e Chapada dos Guimar\u00e3es (MT)<\/p>\n<p>15 a 22\/07: Bertioga (SP)<\/p>\n<p>16 a 23\/07: Rio de Janeiro (RJ)<\/p>\n<p>18 a 29\/07: Bras\u00edlia (DF) e Caldas Novas (GO)<\/p>\n<p>20 a 26\/07: Gramado e Serra Ga\u00facha (RS)<\/p>\n<p>21 a 25\/07: Laguna (SC)<\/p>\n<p>24 a 30\/07: Foz do Igua\u00e7u (PR)<\/p>\n<p>Passeios de um dia:<\/p>\n<p>05\/07: Circuito Italiano e Colombo (PR) &#8211; Rotas do Pinh\u00e3o<\/p>\n<p>12\/07: Caminhada Internacional da Natureza &#8211; Lapa (PR)<\/p>\n<p>12\/07: Caminho do Vinho &#8211; S\u00e3o Jos\u00e9 dos Pinhais (PR) &#8211; Rotas do Pinh\u00e3o<\/p>\n<p>18\/07: Joinville (SC) &#8211; Passeio de Barco<\/p>\n<p>19\/07: S\u00e3o Luiz do Purun\u00e3 e Witmarsum (PR)<\/p>\n<p>26\/07: Caminhos de Guajuvira e Arauc\u00e1ria (PR) &#8211; Rotas do Pinh\u00e3o<\/p>\n","protected":false},"excerpt":{"rendered":"<p>Atrativos tur\u00edsticos do Paran\u00e1 e do Brasil s\u00e3o destinos dos passeios e excurs\u00f5es promovidos pelo Sesc, no m\u00eas de julho Norte, Centro Oeste, Sul, Sudoeste e Nordeste. O Sesc (Servi\u00e7o Social do Com\u00e9rcio), uma entidade do Sistema Fecom\u00e9rcio Sesc Senac, mantida e administrada por empres\u00e1rios do com\u00e9rcio de bens, servi\u00e7os e turismo, est\u00e1 presente em [&hellip;]<\/p>\n","protected":false},"author":3,"featured_media":0,"comment_status":"open","ping_status":"open","sticky":false,"template":"","format":"standard","meta":{"tdm_status":"","tdm_grid_status":"","footnotes":""},"categories":[22],"tags":[],"class_list":{"0":"post-3921","1":"post","2":"type-post","3":"status-publish","4":"format-standard","6":"category-brasil"},"_links":{"self":[{"href":"https:\/\/migracao.redenoticia.com.br\/noticia\/wp-json\/wp\/v2\/posts\/3921","targetHints":{"allow":["GET"]}}],"collection":[{"href":"https:\/\/migracao.redenoticia.com.br\/noticia\/wp-json\/wp\/v2\/posts"}],"about":[{"href":"https:\/\/migracao.redenoticia.com.br\/noticia\/wp-json\/wp\/v2\/types\/post"}],"author":[{"embeddable":true,"href":"https:\/\/migracao.redenoticia.com.br\/noticia\/wp-json\/wp\/v2\/users\/3"}],"replies":[{"embeddable":true,"href":"https:\/\/migracao.redenoticia.com.br\/noticia\/wp-json\/wp\/v2\/comments?post=3921"}],"version-history":[{"count":0,"href":"https:\/\/migracao.redenoticia.com.br\/noticia\/wp-json\/wp\/v2\/posts\/3921\/revisions"}],"wp:attachment":[{"href":"https:\/\/migracao.redenoticia.com.br\/noticia\/wp-json\/wp\/v2\/media?parent=3921"}],"wp:term":[{"taxonomy":"category","embeddable":true,"href":"https:\/\/migracao.redenoticia.com.br\/noticia\/wp-json\/wp\/v2\/categories?post=3921"},{"taxonomy":"post_tag","embeddable":true,"href":"https:\/\/migracao.redenoticia.com.br\/noticia\/wp-json\/wp\/v2\/tags?post=3921"}],"curies":[{"name":"wp","href":"https:\/\/api.w.org\/{rel}","templated":true}]}}