{"id":39221,"date":"2012-05-25T18:06:18","date_gmt":"2012-05-25T21:06:18","guid":{"rendered":"http:\/\/www.redenoticia.com.br\/noticia\/?p=39221"},"modified":"2012-05-25T18:06:20","modified_gmt":"2012-05-25T21:06:20","slug":"dilma-decide-vetar-12-itens-e-fazer-32-mudancas-no-codigo-florestal-brasileiro","status":"publish","type":"post","link":"https:\/\/migracao.redenoticia.com.br\/noticia\/2012\/dilma-decide-vetar-12-itens-e-fazer-32-mudancas-no-codigo-florestal-brasileiro\/39221","title":{"rendered":"Dilma decide vetar 12 itens e fazer 32 mudan\u00e7as no C\u00f3digo Florestal Brasileiro"},"content":{"rendered":"<p><a href=\"https:\/\/migracao.redenoticia.com.br\/noticia\/2011\/relatorio-final-sobre-o-codigo-florestal\/34904\/codigo-florestal\" rel=\"attachment wp-att-34905\"><img loading=\"lazy\" decoding=\"async\" class=\"alignleft size-full wp-image-34905\" title=\"codigo florestal\" src=\"https:\/\/migracao.redenoticia.com.br\/noticia\/imagens\/codigo-florestal.jpg\" alt=\"\" width=\"300\" height=\"193\" srcset=\"https:\/\/migracao.redenoticia.com.br\/noticia\/imagens\/codigo-florestal.jpg 300w, https:\/\/migracao.redenoticia.com.br\/noticia\/imagens\/codigo-florestal-250x160.jpg 250w, https:\/\/migracao.redenoticia.com.br\/noticia\/imagens\/codigo-florestal-150x96.jpg 150w\" sizes=\"auto, (max-width: 300px) 100vw, 300px\" \/><\/a>Bras\u00edlia &#8211; A <strong><em>presidenta<\/em><\/strong> Dilma Rousseff decidiu vetar 12 itens do <strong><em>C\u00f3digo Florestal<\/em><\/strong> e fazer 32 modifica\u00e7\u00f5es no texto aprovado pela C\u00e2mara dos Deputados no fim de abril. O governo vai editar uma medida provis\u00f3ria (MP) para regulamentar os pontos que sofreram interven\u00e7\u00e3o da presidenta. Os vetos e a MP ser\u00e3o publicados na edi\u00e7\u00e3o de segunda-feira (28) do\u00a0Di\u00e1rio Oficial da Uni\u00e3o.<\/p>\n<p>&#8220;Foram 12 vetos e 32 modifica\u00e7\u00f5es, das quais 14 recuperam o texto do Senado, cinco correspondem a dispositivos novos e 13 s\u00e3o ajustes ou adequa\u00e7\u00f5es de conte\u00fado&#8221;, resumiu o advogado-geral da Uni\u00e3o, Lu\u00eds In\u00e1cio Adams, ao anunciar as decis\u00f5es.<\/p>\n<p>Entre os pontos vetados est\u00e1 o artigo que trata da consolida\u00e7\u00e3o de atividades rurais e da recupera\u00e7\u00e3o de\u00a0 \u00e1reas de preserva\u00e7\u00e3o permanente (APPs). O texto aprovado pelos deputados s\u00f3 exigia a recupera\u00e7\u00e3o da vegeta\u00e7\u00e3o das \u00e1reas de preserva\u00e7\u00e3o permanente (APPs) nas margens de rios de at\u00e9 10 metros de largura. E n\u00e3o previa nenhuma obrigatoriedade de recupera\u00e7\u00e3o dessas APPs nas margens de rios mais largos.<\/p>\n<p>Os vetos est\u00e3o sendo apresentados pelos ministros do Meio Ambiente, Izabella Teixeira, da Agricultura, Mendes Ribeiro, do Desenvolvimento Agr\u00e1rio, Pepe Vargas, e pelo advogado-geral da Uni\u00e3o, Lu\u00eds In\u00e1cio Adams, no Pal\u00e1cio do Planalto.<\/p>\n<p>O texto, aprovado pela C\u00e2mara no fim de abril, deixou de fora pontos que haviam sido negociados pelo governo durante a tramita\u00e7\u00e3o no Senado. Os vetos presidenciais podem ser derrubados pelo Congresso Nacional, desde que tenham o apoio da maioria absoluta das duas Casas \u2013 Senado e C\u00e2mara \u2013 em vota\u00e7\u00e3o secreta.<\/p>\n<p>Danilo Macedo, Luana Louren\u00e7o e Yara Aquino<br \/>\nRep\u00f3rteres da Ag\u00eancia Brasil<\/p>\n<p>Edi\u00e7\u00e3o: Vinicius Doria<\/p>\n","protected":false},"excerpt":{"rendered":"<p>Bras\u00edlia &#8211; A presidenta Dilma Rousseff decidiu vetar 12 itens do C\u00f3digo Florestal e fazer 32 modifica\u00e7\u00f5es no texto aprovado pela C\u00e2mara dos Deputados no fim de abril. O governo vai editar uma medida provis\u00f3ria (MP) para regulamentar os pontos que sofreram interven\u00e7\u00e3o da presidenta. Os vetos e a MP ser\u00e3o publicados na edi\u00e7\u00e3o de [&hellip;]<\/p>\n","protected":false},"author":5,"featured_media":34905,"comment_status":"open","ping_status":"closed","sticky":false,"template":"","format":"standard","meta":{"tdm_status":"","tdm_grid_status":"","footnotes":""},"categories":[22],"tags":[],"class_list":{"0":"post-39221","1":"post","2":"type-post","3":"status-publish","4":"format-standard","5":"has-post-thumbnail","7":"category-brasil"},"_links":{"self":[{"href":"https:\/\/migracao.redenoticia.com.br\/noticia\/wp-json\/wp\/v2\/posts\/39221","targetHints":{"allow":["GET"]}}],"collection":[{"href":"https:\/\/migracao.redenoticia.com.br\/noticia\/wp-json\/wp\/v2\/posts"}],"about":[{"href":"https:\/\/migracao.redenoticia.com.br\/noticia\/wp-json\/wp\/v2\/types\/post"}],"author":[{"embeddable":true,"href":"https:\/\/migracao.redenoticia.com.br\/noticia\/wp-json\/wp\/v2\/users\/5"}],"replies":[{"embeddable":true,"href":"https:\/\/migracao.redenoticia.com.br\/noticia\/wp-json\/wp\/v2\/comments?post=39221"}],"version-history":[{"count":0,"href":"https:\/\/migracao.redenoticia.com.br\/noticia\/wp-json\/wp\/v2\/posts\/39221\/revisions"}],"wp:featuredmedia":[{"embeddable":true,"href":"https:\/\/migracao.redenoticia.com.br\/noticia\/wp-json\/wp\/v2\/media\/34905"}],"wp:attachment":[{"href":"https:\/\/migracao.redenoticia.com.br\/noticia\/wp-json\/wp\/v2\/media?parent=39221"}],"wp:term":[{"taxonomy":"category","embeddable":true,"href":"https:\/\/migracao.redenoticia.com.br\/noticia\/wp-json\/wp\/v2\/categories?post=39221"},{"taxonomy":"post_tag","embeddable":true,"href":"https:\/\/migracao.redenoticia.com.br\/noticia\/wp-json\/wp\/v2\/tags?post=39221"}],"curies":[{"name":"wp","href":"https:\/\/api.w.org\/{rel}","templated":true}]}}