{"id":39222,"date":"2012-05-25T18:08:46","date_gmt":"2012-05-25T21:08:46","guid":{"rendered":"http:\/\/www.redenoticia.com.br\/noticia\/?p=39222"},"modified":"2012-05-26T19:58:50","modified_gmt":"2012-05-26T22:58:50","slug":"exame-deste-ano-vai-ter-maior-rigor-na-gestao-de-riscos-afirma-ministro","status":"publish","type":"post","link":"https:\/\/migracao.redenoticia.com.br\/noticia\/2012\/exame-deste-ano-vai-ter-maior-rigor-na-gestao-de-riscos-afirma-ministro\/39222","title":{"rendered":"Exame deste ano vai ter maior rigor na gest\u00e3o de riscos, afirma ministro"},"content":{"rendered":"<p><a href=\"https:\/\/migracao.redenoticia.com.br\/noticia\/2011\/novas-universidades-e-institutos-federais-vao-abrir-850-mil-vagas\/36243\/aluno-vestibular\" rel=\"attachment wp-att-36244\"><img loading=\"lazy\" decoding=\"async\" class=\"alignleft size-full wp-image-36244\" title=\"aluno vestibular\" src=\"https:\/\/migracao.redenoticia.com.br\/noticia\/imagens\/aluno-vestibular.jpg\" alt=\"\" width=\"300\" height=\"193\" srcset=\"https:\/\/migracao.redenoticia.com.br\/noticia\/imagens\/aluno-vestibular.jpg 300w, https:\/\/migracao.redenoticia.com.br\/noticia\/imagens\/aluno-vestibular-250x161.jpg 250w, https:\/\/migracao.redenoticia.com.br\/noticia\/imagens\/aluno-vestibular-150x97.jpg 150w\" sizes=\"auto, (max-width: 300px) 100vw, 300px\" \/><\/a>O Exame Nacional do Ensino M\u00e9dio (<strong><em>Enem<\/em><\/strong>) de 2012, que ter\u00e1<strong><em> inscri\u00e7\u00f5es abertas<\/em><\/strong> na pr\u00f3xima segunda-feira,\u00a0dia 28, e a paralisa\u00e7\u00e3o dos professores nas universidades federais foram os temas de destaque na participa\u00e7\u00e3o do ministro da Educa\u00e7\u00e3o, Aloizio Mercadante, no\u00a0Bom Dia, Ministro\u00a0desta sexta-feira, 25. O programa radiof\u00f4nico \u00e9 produzido pela Secretaria de Comunica\u00e7\u00e3o Social da Presid\u00eancia da Rep\u00fablica, em parceria com a Empresa Brasil de Comunica\u00e7\u00e3o.<\/p>\n<p>O ministro explicou as mudan\u00e7as efetuadas para garantir a seguran\u00e7a no Enem deste ano, como o aumento do rigor na gest\u00e3o dos riscos. \u201cEmbora n\u00e3o tiv\u00e9ssemos nenhum problema de log\u00edstica na aplica\u00e7\u00e3o do Enem em 2011, triplicamos os itens de checagem na gest\u00e3o e na log\u00edstica para este ano\u201d, afirmou. \u201cAntes, eram 1,2 mil itens; agora, ser\u00e3o 3.449 pontos monitorados.\u201d<\/p>\n<p>Mercadante ainda destacou as mudan\u00e7as nas normas de corre\u00e7\u00e3o da reda\u00e7\u00e3o, com crit\u00e9rios de mais objetividade para evitar discrep\u00e2ncia nas notas finais entre os diferentes corretores.<\/p>\n<p>Carreira\u00a0\u2014 Quanto \u00e0 paralisa\u00e7\u00e3o na rede federal de educa\u00e7\u00e3o superior, Mercadante reiterou que considera antecipada a greve de professores nesse momento. Para ele, ainda h\u00e1 tempo para negociar a reestrutura\u00e7\u00e3o da carreira da categoria. \u201cN\u00e3o h\u00e1 preju\u00edzo material aos professores. O or\u00e7amento s\u00f3 ir\u00e1 para o Congresso em final de agosto\u201d, lembrou. \u201cEnt\u00e3o, ainda h\u00e1 tempo. Por que uma greve em maio?\u201d<\/p>\n<p>De acordo com o ministro, o governo far\u00e1 o esfor\u00e7o necess\u00e1rio para melhorar a remunera\u00e7\u00e3o dos docentes. \u201cMas nesse momento \u00e9 preciso saber como deve ficar o cen\u00e1rio macroecon\u00f4mico no Brasil diante da crise mundial para definir todo o quadro do funcionalismo\u201d, acrescentou.<\/p>\n<p>Pr\u00e9-escola\u00a0\u2014 A constru\u00e7\u00e3o de creches e pr\u00e9-escolas para crian\u00e7as at\u00e9 seis anos, prevista no programa Brasil Carinhoso, foi outro assunto abordado por \u00e2ncoras de emissoras de r\u00e1dios de todo o Brasil. \u201cTemos 5 mil creches sendo constru\u00eddas em todo o Brasil\u201d, destacou Mercadante. \u201cE todos os prefeitos que tiverem creches, inclusive conveniadas, receber\u00e3o antecipa\u00e7\u00e3o do Fundeb [Fundo de Manuten\u00e7\u00e3o e Desenvolvimento da Educa\u00e7\u00e3o B\u00e1sica e de Valoriza\u00e7\u00e3o dos Profissionais da Educa\u00e7\u00e3o] e aumento de 66,7% na merenda escolar.\u201d<\/p>\n<p>Assessoria de Comunica\u00e7\u00e3o Social<\/p>\n<p><a href=\"http:\/\/redecomunicadores.mec.gov.br\/index.php?option=com_docman&amp;task=doc_download&amp;gid=836&amp;Itemid=238\" target=\"_blank\">Ou\u00e7a<\/a>\u00a0a entrevista de Aloizio Mercadante ao programa Bom Dia, Ministro<\/p>\n","protected":false},"excerpt":{"rendered":"<p>O Exame Nacional do Ensino M\u00e9dio (Enem) de 2012, que ter\u00e1 inscri\u00e7\u00f5es abertas na pr\u00f3xima segunda-feira,\u00a0dia 28, e a paralisa\u00e7\u00e3o dos professores nas universidades federais foram os temas de destaque na participa\u00e7\u00e3o do ministro da Educa\u00e7\u00e3o, Aloizio Mercadante, no\u00a0Bom Dia, Ministro\u00a0desta sexta-feira, 25. O programa radiof\u00f4nico \u00e9 produzido pela Secretaria de Comunica\u00e7\u00e3o Social da Presid\u00eancia [&hellip;]<\/p>\n","protected":false},"author":5,"featured_media":36244,"comment_status":"open","ping_status":"closed","sticky":false,"template":"","format":"standard","meta":{"tdm_status":"","tdm_grid_status":"","footnotes":""},"categories":[22,370,295],"tags":[],"class_list":{"0":"post-39222","1":"post","2":"type-post","3":"status-publish","4":"format-standard","5":"has-post-thumbnail","7":"category-brasil","8":"category-inscricao","9":"category-vestibular"},"_links":{"self":[{"href":"https:\/\/migracao.redenoticia.com.br\/noticia\/wp-json\/wp\/v2\/posts\/39222","targetHints":{"allow":["GET"]}}],"collection":[{"href":"https:\/\/migracao.redenoticia.com.br\/noticia\/wp-json\/wp\/v2\/posts"}],"about":[{"href":"https:\/\/migracao.redenoticia.com.br\/noticia\/wp-json\/wp\/v2\/types\/post"}],"author":[{"embeddable":true,"href":"https:\/\/migracao.redenoticia.com.br\/noticia\/wp-json\/wp\/v2\/users\/5"}],"replies":[{"embeddable":true,"href":"https:\/\/migracao.redenoticia.com.br\/noticia\/wp-json\/wp\/v2\/comments?post=39222"}],"version-history":[{"count":0,"href":"https:\/\/migracao.redenoticia.com.br\/noticia\/wp-json\/wp\/v2\/posts\/39222\/revisions"}],"wp:featuredmedia":[{"embeddable":true,"href":"https:\/\/migracao.redenoticia.com.br\/noticia\/wp-json\/wp\/v2\/media\/36244"}],"wp:attachment":[{"href":"https:\/\/migracao.redenoticia.com.br\/noticia\/wp-json\/wp\/v2\/media?parent=39222"}],"wp:term":[{"taxonomy":"category","embeddable":true,"href":"https:\/\/migracao.redenoticia.com.br\/noticia\/wp-json\/wp\/v2\/categories?post=39222"},{"taxonomy":"post_tag","embeddable":true,"href":"https:\/\/migracao.redenoticia.com.br\/noticia\/wp-json\/wp\/v2\/tags?post=39222"}],"curies":[{"name":"wp","href":"https:\/\/api.w.org\/{rel}","templated":true}]}}