{"id":39224,"date":"2012-05-25T18:18:23","date_gmt":"2012-05-25T21:18:23","guid":{"rendered":"http:\/\/www.redenoticia.com.br\/noticia\/?p=39224"},"modified":"2012-05-25T18:18:26","modified_gmt":"2012-05-25T21:18:26","slug":"governo-obriga-replantio-de-mata-nativa-nas-areas-de-preservacao-ao-longo-dos-rios","status":"publish","type":"post","link":"https:\/\/migracao.redenoticia.com.br\/noticia\/2012\/governo-obriga-replantio-de-mata-nativa-nas-areas-de-preservacao-ao-longo-dos-rios\/39224","title":{"rendered":"Governo obriga replantio de mata nativa nas \u00e1reas de preserva\u00e7\u00e3o ao longo dos rios"},"content":{"rendered":"<p><a href=\"https:\/\/migracao.redenoticia.com.br\/noticia\/2011\/relatorio-final-sobre-o-codigo-florestal\/34904\/codigo-florestal\" rel=\"attachment wp-att-34905\"><img loading=\"lazy\" decoding=\"async\" class=\"alignleft size-full wp-image-34905\" title=\"codigo florestal\" src=\"https:\/\/migracao.redenoticia.com.br\/noticia\/imagens\/codigo-florestal.jpg\" alt=\"\" width=\"300\" height=\"193\" srcset=\"https:\/\/migracao.redenoticia.com.br\/noticia\/imagens\/codigo-florestal.jpg 300w, https:\/\/migracao.redenoticia.com.br\/noticia\/imagens\/codigo-florestal-250x160.jpg 250w, https:\/\/migracao.redenoticia.com.br\/noticia\/imagens\/codigo-florestal-150x96.jpg 150w\" sizes=\"auto, (max-width: 300px) 100vw, 300px\" \/><\/a>Bras\u00edlia &#8211; Uma das principais interven\u00e7\u00f5es feitas pela presidenta <strong><em>Dilma Rousseff<\/em><\/strong> no novo <strong><em>C\u00f3digo Florestal<\/em><\/strong> Brasileiro foi a amplia\u00e7\u00e3o da faixa que dever\u00e1 ser reflorestada nas margens de rios em \u00e1reas de preserva\u00e7\u00e3o permanente (APPs). Os produtores rurais ter\u00e3o que recompor entre 5 e 100 metros de vegeta\u00e7\u00e3o nativa das APPs nas margens dos rios, dependendo do tamanho da propriedade e da largura dos rios que cortam os im\u00f3veis rurais.<\/p>\n<p>As novas regras v\u00e3o substituir o Artigo 61 do c\u00f3digo aprovado pela C\u00e2mara dos Deputados no fim de abril. O texto s\u00f3 exigia a recupera\u00e7\u00e3o da vegeta\u00e7\u00e3o de APPs ao longo de rios com, no m\u00e1ximo, 10 metros de largura. N\u00e3o previa nenhuma obrigatoriedade de recupera\u00e7\u00e3o dessas \u00e1reas nas margens dos rios mais largos.<\/p>\n<p>\u201cFizemos [a mudan\u00e7a] considerando o tamanho da propriedade, a largura de rio, o impacto da regulariza\u00e7\u00e3o no tamanho da propriedade; consideramos os fatores social e ambiental\u201d, disse a ministra do Meio Ambiente, Izabella Teixeira, ao explicar a altera\u00e7\u00e3o.<\/p>\n<p>Para im\u00f3veis rurais com at\u00e9 1 m\u00f3dulo fiscal (unidade de \u00e1rea que varia de 5 a 110 hectares, acordo com a regi\u00e3o do pa\u00eds), o propriet\u00e1rio ter\u00e1 que recompor na APP uma faixa de 5 metros largura a partir da calha do rio, independentemente do tamanho do curso d&#8217;\u00e1gua. Se houver outras APPs na propriedade, a \u00e1rea preservada n\u00e3o poder\u00e1 ultrapassar 10% da \u00e1rea total do im\u00f3vel.<\/p>\n<p>Nas propriedades entre 1 e 2 m\u00f3dulos fiscais, a faixa a ser reflorestada dever\u00e1 ter 8 metros, qualquer que seja a largura do rio. Nos im\u00f3veis rurais entre 2 e 4 m\u00f3dulos fiscais, os propriet\u00e1rios ter\u00e3o que recuperar 15 metros. No caso de im\u00f3veis entre 4 e 10 m\u00f3dulos rurais, a largura da recomposi\u00e7\u00e3o da mata nativa ser\u00e1 20 metros nas APPs ao longo de rios de at\u00e9 10 metros de largura, e 30 metros a 100 metros nas margens de rios mais largos.<\/p>\n<p>Os grandes propriet\u00e1rios de terras, com im\u00f3veis com mais de 10 m\u00f3dulos fiscais, ser\u00e3o obrigados a recompor, no m\u00ednimo, faixas de 30 metros de largura nas APPs ao longo de pequenos cursos d&#8217;\u00e1gua (com 10 metros de largura) e entre 30 metros e 100 metros nas margens de rios maiores, com mais de 10 metros de largura.<\/p>\n<p>A cria\u00e7\u00e3o de escalas de recomposi\u00e7\u00e3o, segundo o governo, vai garantir a maior preserva\u00e7\u00e3o das margens de rios e beneficiar os pequenos agricultores. Segundo o ministro do Desenvolvimento Agr\u00e1rio, Pepe Vargas, os principais beneficiados ser\u00e3o os agricultores familiares. \u201cQuem tem menos \u00e1rea de terra vai recompor menos e quem tem mais vai recompor mais APP. Estamos aqui estabelecendo um principio de justi\u00e7a, estamos preservando aqueles que produzem alimentos saud\u00e1veis, estamos preservando o meio ambiente\u201d.<\/p>\n<p>Danilo Macedo, Luana Louren\u00e7o e Yara Aquino<br \/>\nRep\u00f3rteres da Ag\u00eancia Brasil<\/p>\n<p>Edi\u00e7\u00e3o: Vinicius Doria<\/p>\n","protected":false},"excerpt":{"rendered":"<p>Bras\u00edlia &#8211; Uma das principais interven\u00e7\u00f5es feitas pela presidenta Dilma Rousseff no novo C\u00f3digo Florestal Brasileiro foi a amplia\u00e7\u00e3o da faixa que dever\u00e1 ser reflorestada nas margens de rios em \u00e1reas de preserva\u00e7\u00e3o permanente (APPs). Os produtores rurais ter\u00e3o que recompor entre 5 e 100 metros de vegeta\u00e7\u00e3o nativa das APPs nas margens dos rios, [&hellip;]<\/p>\n","protected":false},"author":5,"featured_media":34905,"comment_status":"open","ping_status":"closed","sticky":false,"template":"","format":"standard","meta":{"tdm_status":"","tdm_grid_status":"","footnotes":""},"categories":[22],"tags":[],"class_list":{"0":"post-39224","1":"post","2":"type-post","3":"status-publish","4":"format-standard","5":"has-post-thumbnail","7":"category-brasil"},"_links":{"self":[{"href":"https:\/\/migracao.redenoticia.com.br\/noticia\/wp-json\/wp\/v2\/posts\/39224","targetHints":{"allow":["GET"]}}],"collection":[{"href":"https:\/\/migracao.redenoticia.com.br\/noticia\/wp-json\/wp\/v2\/posts"}],"about":[{"href":"https:\/\/migracao.redenoticia.com.br\/noticia\/wp-json\/wp\/v2\/types\/post"}],"author":[{"embeddable":true,"href":"https:\/\/migracao.redenoticia.com.br\/noticia\/wp-json\/wp\/v2\/users\/5"}],"replies":[{"embeddable":true,"href":"https:\/\/migracao.redenoticia.com.br\/noticia\/wp-json\/wp\/v2\/comments?post=39224"}],"version-history":[{"count":0,"href":"https:\/\/migracao.redenoticia.com.br\/noticia\/wp-json\/wp\/v2\/posts\/39224\/revisions"}],"wp:featuredmedia":[{"embeddable":true,"href":"https:\/\/migracao.redenoticia.com.br\/noticia\/wp-json\/wp\/v2\/media\/34905"}],"wp:attachment":[{"href":"https:\/\/migracao.redenoticia.com.br\/noticia\/wp-json\/wp\/v2\/media?parent=39224"}],"wp:term":[{"taxonomy":"category","embeddable":true,"href":"https:\/\/migracao.redenoticia.com.br\/noticia\/wp-json\/wp\/v2\/categories?post=39224"},{"taxonomy":"post_tag","embeddable":true,"href":"https:\/\/migracao.redenoticia.com.br\/noticia\/wp-json\/wp\/v2\/tags?post=39224"}],"curies":[{"name":"wp","href":"https:\/\/api.w.org\/{rel}","templated":true}]}}