{"id":3923,"date":"2009-06-26T16:05:53","date_gmt":"2009-06-26T20:05:53","guid":{"rendered":"http:\/\/www.redenoticia.com.br\/noticia\/?p=3923"},"modified":"2009-06-26T18:41:35","modified_gmt":"2009-06-26T22:41:35","slug":"manifesto-literario-sera-lancado-em-paraty","status":"publish","type":"post","link":"https:\/\/migracao.redenoticia.com.br\/noticia\/2009\/manifesto-literario-sera-lancado-em-paraty\/3923","title":{"rendered":"Manifesto liter\u00e1rio ser\u00e1 lan\u00e7ado em Paraty"},"content":{"rendered":"<p><a href=\"https:\/\/migracao.redenoticia.com.br\/noticia\/imagens\/\/paraty.jpg\"><img loading=\"lazy\" decoding=\"async\" class=\"alignleft size-medium wp-image-3955\" title=\"paraty\" src=\"https:\/\/migracao.redenoticia.com.br\/noticia\/imagens\/\/paraty-249x187.jpg\" alt=\"paraty\" width=\"249\" height=\"187\" \/><\/a>No pr\u00f3ximo dia 2 de julho, durante a Festa Liter\u00e1ria Internacional de Paraty (FLIP), o Instituto C&amp;A, a Associa\u00e7\u00e3o Casa Azul, a Funda\u00e7\u00e3o Nacional do Livro Infantil e Juvenil, o Instituto Ecofuturo e o Centro de Cultura Luiz Freire (CCLF) promovem debate sobre a import\u00e2ncia da leitura liter\u00e1ria e pol\u00edticas de promo\u00e7\u00e3o da leitura. Na ocasi\u00e3o, o escritor e poeta Bartolomeu Campos de Queir\u00f3s ler\u00e1 o &#8220;Manifesto por um Brasil liter\u00e1rio&#8221;, constru\u00eddo a partir do anseio das institui\u00e7\u00f5es envolvidas em promover a leitura, em especial de livros de literatura.<\/p>\n<p>Esse documento ser\u00e1 o ponto de partida para ampliar as discuss\u00f5es em torno da import\u00e2ncia da leitura de livros. O objetivo \u00e9 acolher propostas e engajar o maior n\u00famero de pessoas em torno dessa causa. \u00c9 o primeiro passo para mobilizar o pa\u00eds em busca da constru\u00e7\u00e3o de um Brasil liter\u00e1rio. As institui\u00e7\u00f5es envolvidas t\u00eam um importante hist\u00f3rico na promo\u00e7\u00e3o da leitura e acreditam que \u00e9 preciso promover amplamente, desde a primeira inf\u00e2ncia, a leitura de livros de literatura, criando as condi\u00e7\u00f5es necess\u00e1rias para o contato cont\u00ednuo do p\u00fablico infantil e juvenil com o universo liter\u00e1rio.<\/p>\n<p>O debate ser\u00e1 orientado pelas seguintes quest\u00f5es: \u00e9 poss\u00edvel transformar o Brasil em um pa\u00eds de leitores? O que entendemos por um pa\u00eds de leitores e o que esperamos dele? Como fazer para que as a\u00e7\u00f5es existentes de promo\u00e7\u00e3o da leitura possam convergir para uma atua\u00e7\u00e3o conjunta na constru\u00e7\u00e3o de um pa\u00eds leitor?<\/p>\n<p>Depois da FLIP, os interessados poder\u00e3o acompanhar as a\u00e7\u00f5es de incentivo \u00e0 leitura liter\u00e1ria que est\u00e3o acontecendo no pa\u00eds, poder\u00e3o conhecer a agenda que pauta essa tem\u00e1tica e saber\u00e3o os pr\u00f3ximos passos na dire\u00e7\u00e3o de criar um Brasil liter\u00e1rio. Essas iniciativas dar\u00e3o base a um movimento nacional de incentivo \u00e0 leitura liter\u00e1ria e estar\u00e3o publicadas no site www.brasiliterario.org.br, tamb\u00e9m lan\u00e7ado no dia 2. Esse espa\u00e7o virtual abrigar\u00e1 um f\u00f3rum de discuss\u00e3o, enquetes e not\u00edcias com essa tem\u00e1tica e \u00e9 o principal meio de ades\u00e3o ao manifesto.<\/p>\n","protected":false},"excerpt":{"rendered":"<p>No pr\u00f3ximo dia 2 de julho, durante a Festa Liter\u00e1ria Internacional de Paraty (FLIP), o Instituto C&amp;A, a Associa\u00e7\u00e3o Casa Azul, a Funda\u00e7\u00e3o Nacional do Livro Infantil e Juvenil, o Instituto Ecofuturo e o Centro de Cultura Luiz Freire (CCLF) promovem debate sobre a import\u00e2ncia da leitura liter\u00e1ria e pol\u00edticas de promo\u00e7\u00e3o da leitura. Na [&hellip;]<\/p>\n","protected":false},"author":3,"featured_media":0,"comment_status":"open","ping_status":"open","sticky":false,"template":"","format":"standard","meta":{"tdm_status":"","tdm_grid_status":"","footnotes":""},"categories":[22],"tags":[],"class_list":{"0":"post-3923","1":"post","2":"type-post","3":"status-publish","4":"format-standard","6":"category-brasil"},"_links":{"self":[{"href":"https:\/\/migracao.redenoticia.com.br\/noticia\/wp-json\/wp\/v2\/posts\/3923","targetHints":{"allow":["GET"]}}],"collection":[{"href":"https:\/\/migracao.redenoticia.com.br\/noticia\/wp-json\/wp\/v2\/posts"}],"about":[{"href":"https:\/\/migracao.redenoticia.com.br\/noticia\/wp-json\/wp\/v2\/types\/post"}],"author":[{"embeddable":true,"href":"https:\/\/migracao.redenoticia.com.br\/noticia\/wp-json\/wp\/v2\/users\/3"}],"replies":[{"embeddable":true,"href":"https:\/\/migracao.redenoticia.com.br\/noticia\/wp-json\/wp\/v2\/comments?post=3923"}],"version-history":[{"count":0,"href":"https:\/\/migracao.redenoticia.com.br\/noticia\/wp-json\/wp\/v2\/posts\/3923\/revisions"}],"wp:attachment":[{"href":"https:\/\/migracao.redenoticia.com.br\/noticia\/wp-json\/wp\/v2\/media?parent=3923"}],"wp:term":[{"taxonomy":"category","embeddable":true,"href":"https:\/\/migracao.redenoticia.com.br\/noticia\/wp-json\/wp\/v2\/categories?post=3923"},{"taxonomy":"post_tag","embeddable":true,"href":"https:\/\/migracao.redenoticia.com.br\/noticia\/wp-json\/wp\/v2\/tags?post=3923"}],"curies":[{"name":"wp","href":"https:\/\/api.w.org\/{rel}","templated":true}]}}