{"id":39251,"date":"2012-05-28T18:58:36","date_gmt":"2012-05-28T21:58:36","guid":{"rendered":"http:\/\/www.redenoticia.com.br\/noticia\/?p=39251"},"modified":"2012-05-28T18:58:38","modified_gmt":"2012-05-28T21:58:38","slug":"inscricoes-para-o-enem-comecam-hoje-pela-internet","status":"publish","type":"post","link":"https:\/\/migracao.redenoticia.com.br\/noticia\/2012\/inscricoes-para-o-enem-comecam-hoje-pela-internet\/39251","title":{"rendered":"Inscri\u00e7\u00f5es para o Enem come\u00e7am hoje pela internet"},"content":{"rendered":"<p><a href=\"https:\/\/migracao.redenoticia.com.br\/noticia\/2010\/concurso-teodoro-sampaio-sp-consesp-182-vagas\/28950\/concurso-inscricao-vagas-ate\" rel=\"attachment wp-att-28951\"><img loading=\"lazy\" decoding=\"async\" class=\"alignleft size-full wp-image-28951\" title=\"concurso inscricao vagas ate\" src=\"https:\/\/migracao.redenoticia.com.br\/noticia\/imagens\/concurso-inscricao-vagas-ate.jpg\" alt=\"\" width=\"300\" height=\"193\" srcset=\"https:\/\/migracao.redenoticia.com.br\/noticia\/imagens\/concurso-inscricao-vagas-ate.jpg 300w, https:\/\/migracao.redenoticia.com.br\/noticia\/imagens\/concurso-inscricao-vagas-ate-250x160.jpg 250w, https:\/\/migracao.redenoticia.com.br\/noticia\/imagens\/concurso-inscricao-vagas-ate-150x96.jpg 150w\" sizes=\"auto, (max-width: 300px) 100vw, 300px\" \/><\/a>Bras\u00edlia &#8211; Estudantes interessados em participar do Exame Nacional do Ensino M\u00e9dio (<strong><em>Enem<\/em><\/strong>) de 2012 poder\u00e3o se inscrever a partir das 10h de hoje (28).\u00a0 O prazo termina em 15 de junho e\u00a0<a href=\"http:\/\/sistemasenem2.inep.gov.br\/inscricao\" rel=\"nofollow\">as <strong><em>inscri\u00e7\u00f5es<\/em><\/strong> ser\u00e3o feitas exclusivamente pela internet<\/a>. As <strong><em>provas<\/em><\/strong> ser\u00e3o aplicadas nos dias 3 e 4 de novembro.<\/p>\n<p>No ano passado, o exame recebeu mais de 6 milh\u00f5es de inscri\u00e7\u00f5es. Desde 2009, o Enem ganhou import\u00e2ncia porque passou a ser usado por institui\u00e7\u00f5es p\u00fablicas de ensino superior como crit\u00e9rio de sele\u00e7\u00e3o em substitui\u00e7\u00e3o aos vestibulares tradicionais. O Enem tamb\u00e9m \u00e9 pr\u00e9-requisito para quem quer participar de programas de acesso ao ensino superior e de financiamento p\u00fablico, como o Fundo de Financiamento Estudantil (Fies), o Programa Universidade para Todos (ProUni) e as bolsas de estudo no exterior do Ci\u00eancia sem Fronteira.<\/p>\n<p>A taxa de inscri\u00e7\u00e3o permanece em R$ 35. Alunos que estejam cursando o 3\u00ba ano do ensino m\u00e9dio em escola p\u00fablica est\u00e3o isentos do pagamento, que dever\u00e1 ser feito at\u00e9 20 de junho por meio do boleto que ser\u00e1 gerado durante a inscri\u00e7\u00e3o. Para 2012, o Instituto Nacional de Estudos e Pesquisas Educacionais (Inep)\u00a0<a href=\"http:\/\/agenciabrasil.ebc.com.br\/noticia\/2012-05-24\/mec-anuncia-mudancas-na-correcao-da-redacao-do-enem\" target=\"_blank\">anunciou mudan\u00e7as<\/a>\u00a0nos crit\u00e9rios de corre\u00e7\u00e3o da reda\u00e7\u00e3o com o objetivo de tornar o processo mais objetivo e reduzir a margem de erros.<\/p>\n<p><a href=\"http:\/\/www.in.gov.br\/imprensa\/visualiza\/index.jsp?jornal=3&amp;pagina=67&amp;data=25\/05\/2012\" rel=\"nofollow\">O edital\u00a0<\/a>com todos os detalhes do Enem 2012 foi publicado sexta-feira (25) no\u00a0Di\u00e1rio Oficial da Uni\u00e3o. No primeiro dia do exame, s\u00e1bado, os participantes ter\u00e3o quatro horas e meia para responder \u00e0s quest\u00f5es de ci\u00eancias humanas e da natureza. No domingo, ser\u00e1 a vez das provas de matem\u00e1tica e linguagens, al\u00e9m da reda\u00e7\u00e3o, com um total de cinco horas e meia de dura\u00e7\u00e3o. A divulga\u00e7\u00e3o do gabarito est\u00e1 prevista para o dia 7 de novembro, e o resultado final deve sair em 28 de dezembro.<\/p>\n<p>Amanda Cieglinski<br \/>\nRep\u00f3rter da Ag\u00eancia Brasil<\/p>\n<p>Edi\u00e7\u00e3o: Gra\u00e7a Adjuto<\/p>\n","protected":false},"excerpt":{"rendered":"<p>Bras\u00edlia &#8211; Estudantes interessados em participar do Exame Nacional do Ensino M\u00e9dio (Enem) de 2012 poder\u00e3o se inscrever a partir das 10h de hoje (28).\u00a0 O prazo termina em 15 de junho e\u00a0as inscri\u00e7\u00f5es ser\u00e3o feitas exclusivamente pela internet. As provas ser\u00e3o aplicadas nos dias 3 e 4 de novembro. No ano passado, o exame [&hellip;]<\/p>\n","protected":false},"author":5,"featured_media":28951,"comment_status":"open","ping_status":"closed","sticky":false,"template":"","format":"standard","meta":{"tdm_status":"","tdm_grid_status":"","footnotes":""},"categories":[22,370,295],"tags":[],"class_list":{"0":"post-39251","1":"post","2":"type-post","3":"status-publish","4":"format-standard","5":"has-post-thumbnail","7":"category-brasil","8":"category-inscricao","9":"category-vestibular"},"_links":{"self":[{"href":"https:\/\/migracao.redenoticia.com.br\/noticia\/wp-json\/wp\/v2\/posts\/39251","targetHints":{"allow":["GET"]}}],"collection":[{"href":"https:\/\/migracao.redenoticia.com.br\/noticia\/wp-json\/wp\/v2\/posts"}],"about":[{"href":"https:\/\/migracao.redenoticia.com.br\/noticia\/wp-json\/wp\/v2\/types\/post"}],"author":[{"embeddable":true,"href":"https:\/\/migracao.redenoticia.com.br\/noticia\/wp-json\/wp\/v2\/users\/5"}],"replies":[{"embeddable":true,"href":"https:\/\/migracao.redenoticia.com.br\/noticia\/wp-json\/wp\/v2\/comments?post=39251"}],"version-history":[{"count":0,"href":"https:\/\/migracao.redenoticia.com.br\/noticia\/wp-json\/wp\/v2\/posts\/39251\/revisions"}],"wp:featuredmedia":[{"embeddable":true,"href":"https:\/\/migracao.redenoticia.com.br\/noticia\/wp-json\/wp\/v2\/media\/28951"}],"wp:attachment":[{"href":"https:\/\/migracao.redenoticia.com.br\/noticia\/wp-json\/wp\/v2\/media?parent=39251"}],"wp:term":[{"taxonomy":"category","embeddable":true,"href":"https:\/\/migracao.redenoticia.com.br\/noticia\/wp-json\/wp\/v2\/categories?post=39251"},{"taxonomy":"post_tag","embeddable":true,"href":"https:\/\/migracao.redenoticia.com.br\/noticia\/wp-json\/wp\/v2\/tags?post=39251"}],"curies":[{"name":"wp","href":"https:\/\/api.w.org\/{rel}","templated":true}]}}