{"id":39260,"date":"2012-05-29T18:35:04","date_gmt":"2012-05-29T21:35:04","guid":{"rendered":"http:\/\/www.redenoticia.com.br\/noticia\/?p=39260"},"modified":"2012-05-29T18:35:07","modified_gmt":"2012-05-29T21:35:07","slug":"novo-codigo-florestal-podera-impactar-nas-acoes-de-reflorestamento-do-bioma-da-mata-atlantica","status":"publish","type":"post","link":"https:\/\/migracao.redenoticia.com.br\/noticia\/2012\/novo-codigo-florestal-podera-impactar-nas-acoes-de-reflorestamento-do-bioma-da-mata-atlantica\/39260","title":{"rendered":"Novo C\u00f3digo Florestal poder\u00e1 impactar nas a\u00e7\u00f5es de reflorestamento do bioma da Mata Atl\u00e2ntica"},"content":{"rendered":"<p><a href=\"https:\/\/migracao.redenoticia.com.br\/noticia\/2011\/relatorio-final-sobre-o-codigo-florestal\/34904\/codigo-florestal\" rel=\"attachment wp-att-34905\"><img loading=\"lazy\" decoding=\"async\" class=\"alignleft size-full wp-image-34905\" title=\"codigo florestal\" src=\"https:\/\/migracao.redenoticia.com.br\/noticia\/imagens\/codigo-florestal.jpg\" alt=\"\" width=\"300\" height=\"193\" srcset=\"https:\/\/migracao.redenoticia.com.br\/noticia\/imagens\/codigo-florestal.jpg 300w, https:\/\/migracao.redenoticia.com.br\/noticia\/imagens\/codigo-florestal-250x160.jpg 250w, https:\/\/migracao.redenoticia.com.br\/noticia\/imagens\/codigo-florestal-150x96.jpg 150w\" sizes=\"auto, (max-width: 300px) 100vw, 300px\" \/><\/a>S\u00e3o Paulo \u2013 Com a aprova\u00e7\u00e3o do novo <strong><em>C\u00f3digo Florestal<\/em><\/strong>, os 7,9% que restam de Mata Atl\u00e2ntica no Brasil podem estar ainda mais amea\u00e7ados. Esta foi a avalia\u00e7\u00e3o feita pela Funda\u00e7\u00e3o SOS Mata Atl\u00e2ntica durante a divulga\u00e7\u00e3o do Atlas dos Remanescentes Florestais da Mata Atl\u00e2ntica, que mostra as altera\u00e7\u00f5es no bioma no per\u00edodo de maio de 2010 a maio de 2011. De acordo com o estudo, o Brasil perdeu mais de 13 mil hectares de sua Mata Atl\u00e2ntica em apenas um ano. Segundo a funda\u00e7\u00e3o, o novo c\u00f3digo pode provocar diminui\u00e7\u00e3o nas a\u00e7\u00f5es de reflorestamento.<\/p>\n<p>\u201cO novo c\u00f3digo altera a obrigatoriedade da regenera\u00e7\u00e3o de determinadas \u00e1reas e esse estudo vai nos ajudar a avaliar os reais impactos do C\u00f3digo Florestal\u201d, disse M\u00e1rcia Hirota, coordenadora do atlas, que foi produzido em parceria com o Instituto Nacional de Pesquisas Espaciais (Inpe). Segundo a coordenadora, est\u00e3o sendo feitos novos levantamentos para incluir no documento dados sobre matas ciliares e de v\u00e1rzea, que ir\u00e3o formar um \u201cmarco zero\u201d do momento que antecede a implanta\u00e7\u00e3o da nova lei. Os dados complementares devem estar prontos em agosto deste ano.<\/p>\n<p>O Atlas, que teve sua primeira edi\u00e7\u00e3o em 1990, mostra uma redu\u00e7\u00e3o dos n\u00edveis de desmatamento ao longo de 25 anos. No per\u00edodo de 1985 a 1990, a m\u00e9dia anual era de cerca de 93 mil hectares desvatados. Em 2010, o volume foi de 13 mil hectares. \u201cApesar da diminui\u00e7\u00e3o do volume, o desmatamento n\u00e3o deixou de acontecer e nos fez chegar a marca de apenas 7,9% de remanescentes florestais\u201d, disse Hirota. Segundo a funda\u00e7\u00e3o, a Mata Atl\u00e2ntica \u00e9 o bioma mais amea\u00e7ado do Brasil.<\/p>\n<p>Foram pesquisados dez dos 17 estados que formam o bioma, os quais representam 93% da Mata Atl\u00e2ntica do pa\u00eds. Minas Gerais e Bahia s\u00e3o os estados que mais desmataram, com 6.339 e 4.493 hectares, respectivamente. \u201cNo estado de Minas Gerais, as florestas nativas est\u00e3o sendo transformadas em carv\u00e3o e substitu\u00eddas por eucalipto\u201d, disse a coordenadora do estudo.<\/p>\n<p>Os estados com menos \u00e1reas desmatadas (em hectares) s\u00e3o Goi\u00e1s, com 33; Paran\u00e1, com 71; e Rio de Janeiro, com 92. \u201cDestacamos o Rio de Janeiro, pois o estado j\u00e1 liderou a lista dos maiores devastadores em an\u00e1lises anteriores e, nos \u00faltimos anos, temos verificado um ocorr\u00eancia menor de desmatamento\u201d, avaliou Hirota. O Rio de Janeiro possui, atualmente, 19,59% de sua Mata Atl\u00e2ntica preservada.<\/p>\n<p>Nesta edi\u00e7\u00e3o, o estudo delimitou a \u00e1rea pertencente aos munic\u00edpios como forma de permitir uma melhor atua\u00e7\u00e3o das entidades e organiza\u00e7\u00f5es municipais. \u201c\u00c9 importante que os munic\u00edpios sigam o que diz a Lei da Mata Atl\u00e2ntica e criem seus Planos Municipais de Conserva\u00e7\u00e3o e Recupera\u00e7\u00e3o do bioma\u201d, ressaltou Mario Mantonvani, diretor de pol\u00edticas p\u00fablicas da SOS Mata Atl\u00e2ntica. As cidades mineiras de \u00c1guas Vermelhas e Jequitinhonha est\u00e3o entre os piores resultados, com devasta\u00e7\u00e3o de 1.367 e 1.270, respectivamente.<\/p>\n<p>Camila Maciel<br \/>\nRep\u00f3rter da Ag\u00eancia Brasil<\/p>\n<p>Edi\u00e7\u00e3o: F\u00e1bio Massalli<\/p>\n","protected":false},"excerpt":{"rendered":"<p>S\u00e3o Paulo \u2013 Com a aprova\u00e7\u00e3o do novo C\u00f3digo Florestal, os 7,9% que restam de Mata Atl\u00e2ntica no Brasil podem estar ainda mais amea\u00e7ados. Esta foi a avalia\u00e7\u00e3o feita pela Funda\u00e7\u00e3o SOS Mata Atl\u00e2ntica durante a divulga\u00e7\u00e3o do Atlas dos Remanescentes Florestais da Mata Atl\u00e2ntica, que mostra as altera\u00e7\u00f5es no bioma no per\u00edodo de maio [&hellip;]<\/p>\n","protected":false},"author":5,"featured_media":34905,"comment_status":"open","ping_status":"closed","sticky":false,"template":"","format":"standard","meta":{"tdm_status":"","tdm_grid_status":"","footnotes":""},"categories":[22],"tags":[],"class_list":{"0":"post-39260","1":"post","2":"type-post","3":"status-publish","4":"format-standard","5":"has-post-thumbnail","7":"category-brasil"},"_links":{"self":[{"href":"https:\/\/migracao.redenoticia.com.br\/noticia\/wp-json\/wp\/v2\/posts\/39260","targetHints":{"allow":["GET"]}}],"collection":[{"href":"https:\/\/migracao.redenoticia.com.br\/noticia\/wp-json\/wp\/v2\/posts"}],"about":[{"href":"https:\/\/migracao.redenoticia.com.br\/noticia\/wp-json\/wp\/v2\/types\/post"}],"author":[{"embeddable":true,"href":"https:\/\/migracao.redenoticia.com.br\/noticia\/wp-json\/wp\/v2\/users\/5"}],"replies":[{"embeddable":true,"href":"https:\/\/migracao.redenoticia.com.br\/noticia\/wp-json\/wp\/v2\/comments?post=39260"}],"version-history":[{"count":0,"href":"https:\/\/migracao.redenoticia.com.br\/noticia\/wp-json\/wp\/v2\/posts\/39260\/revisions"}],"wp:featuredmedia":[{"embeddable":true,"href":"https:\/\/migracao.redenoticia.com.br\/noticia\/wp-json\/wp\/v2\/media\/34905"}],"wp:attachment":[{"href":"https:\/\/migracao.redenoticia.com.br\/noticia\/wp-json\/wp\/v2\/media?parent=39260"}],"wp:term":[{"taxonomy":"category","embeddable":true,"href":"https:\/\/migracao.redenoticia.com.br\/noticia\/wp-json\/wp\/v2\/categories?post=39260"},{"taxonomy":"post_tag","embeddable":true,"href":"https:\/\/migracao.redenoticia.com.br\/noticia\/wp-json\/wp\/v2\/tags?post=39260"}],"curies":[{"name":"wp","href":"https:\/\/api.w.org\/{rel}","templated":true}]}}