{"id":39276,"date":"2012-05-30T20:00:05","date_gmt":"2012-05-30T23:00:05","guid":{"rendered":"http:\/\/www.redenoticia.com.br\/noticia\/?p=39276"},"modified":"2012-05-30T20:00:11","modified_gmt":"2012-05-30T23:00:11","slug":"governo-mantem-artigo-sobre-recuperacao-de-apps-no-novo-codigo-florestal","status":"publish","type":"post","link":"https:\/\/migracao.redenoticia.com.br\/noticia\/2012\/governo-mantem-artigo-sobre-recuperacao-de-apps-no-novo-codigo-florestal\/39276","title":{"rendered":"Governo mant\u00e9m artigo sobre recupera\u00e7\u00e3o de APPs no novo C\u00f3digo Florestal"},"content":{"rendered":"<p><a href=\"https:\/\/migracao.redenoticia.com.br\/noticia\/2011\/relatorio-final-sobre-o-codigo-florestal\/34904\/codigo-florestal\" rel=\"attachment wp-att-34905\"><img loading=\"lazy\" decoding=\"async\" class=\"alignleft size-full wp-image-34905\" title=\"codigo florestal\" src=\"https:\/\/migracao.redenoticia.com.br\/noticia\/imagens\/codigo-florestal.jpg\" alt=\"\" width=\"300\" height=\"193\" srcset=\"https:\/\/migracao.redenoticia.com.br\/noticia\/imagens\/codigo-florestal.jpg 300w, https:\/\/migracao.redenoticia.com.br\/noticia\/imagens\/codigo-florestal-250x160.jpg 250w, https:\/\/migracao.redenoticia.com.br\/noticia\/imagens\/codigo-florestal-150x96.jpg 150w\" sizes=\"auto, (max-width: 300px) 100vw, 300px\" \/><\/a>Bras\u00edlia &#8211; O governo n\u00e3o voltou atr\u00e1s no artigo do novo <strong><em>C\u00f3digo Florestal<\/em><\/strong> sobre recomposi\u00e7\u00e3o de \u00e1reas de prote\u00e7\u00e3o permanentes (<strong><em>APPs<\/em><\/strong>), segundo a ministra do Meio Ambiente, Izabella Teixeira. Um dia depois da publica\u00e7\u00e3o da medida provis\u00f3ria editada pelo governo,\u00a0<a href=\"http:\/\/agenciabrasil.ebc.com.br\/noticia\/2012-05-29\/governo-retifica-medida-provisoria-que-alterou-codigo-florestal\" target=\"_blank\">o texto que tratava de recupera\u00e7\u00e3o dessas \u00e1reas permitindo o uso de esp\u00e9cies nativas foi alterado<\/a>.<\/p>\n<p>\u201cN\u00e3o houve uma nova publica\u00e7\u00e3o, mas uma retifica\u00e7\u00e3o. A proposta do governo para recupera\u00e7\u00e3o de \u00e1reas desmatadas no passado, no caso dos pequenos agricultores, tratava de cultivos de frut\u00edferas, de ciclo longo, exatamente para evitar o corte\u201d, afirmou Izabella Teixeira.<\/p>\n<p>Segundo ela, a inten\u00e7\u00e3o do governo \u00e9 permitir que os pequenos produtores tenham alternativa de usar sistemas agro-florestais para gerar renda. Esp\u00e9cies nativas podem ser usadas comercialmente pelos agricultores.<\/p>\n<p>A ministra ainda afirmou que o Poder Executivo seguiu o caminho correto e a expectativa do governo \u00e9 de que o Congresso Nacional vai manter a medida provis\u00f3ria, independente da vota\u00e7\u00e3o acontecer apenas depois da Confer\u00eancia das Na\u00e7\u00f5es Unidas sobre Desenvolvimento Sustent\u00e1vel (Rio+20) e durante o per\u00edodo de campanha eleitoral municipal.<\/p>\n<p>\u201cO debate foi muito amplo no governo e com a sociedade. Temos a convic\u00e7\u00e3o de que nosso texto \u00e9 um texto que soluciona o problema e mais do que isso possibilita que a gente avance na prote\u00e7\u00e3o ambiental com inclus\u00e3o social. O processo no Congresso [Nacional] \u00e9 um processo de di\u00e1logo pol\u00edtico e o governo inteiro vai dialogar\u201d, garantiu.<\/p>\n<p>Durante a reuni\u00e3o do Conselho Nacional de Meio Ambiente (Conama), hoje (30), em Bras\u00edlia, Izabella Teixeira ainda acrescentou que, nas negocia\u00e7\u00f5es para o texto final, \u201cnenhum interlocutor quis abrir m\u00e3o de recuperar as \u00e1reas que foram ilegalmente desmatadas\u201d.<\/p>\n<p>O evento que re\u00fane \u00f3rg\u00e3os ambientais foi marcado pela antecipa\u00e7\u00e3o de an\u00fancios. A ministra disse que a Semana do Meio Ambiente come\u00e7ou hoje (30) em Bras\u00edlia e, em tom de brincadeira, afirmou que esta semana tem um conceito ampliado, porque seguir\u00e1 at\u00e9 o dia 23 de junho, data de t\u00e9rmino da Rio+20. \u201cTenho a firme convic\u00e7\u00e3o de que teremos um n\u00famero expressivo de Chefes de Estado e de Governo durante a Confer\u00eancia e teremos todos os pa\u00edses representados. Vamos fazer um belo debate sobre o futuro do planeta\u201d, disse.<\/p>\n<p>Izabella Teixeira tamb\u00e9m antecipou o an\u00fancio do Pacto pelas \u00c1guas, que ser\u00e1 publicado no Di\u00e1rio Oficial da pr\u00f3xima ter\u00e7a-feira (5). A proposta \u00e9 financiar a gest\u00e3o dos recursos h\u00eddricos estaduais e oferecer uma esp\u00e9cie de consultoria feita pela Ag\u00eancia Nacional de \u00c1guas (ANA). \u201cO governo federal vai financiar os governos estaduais para termos patamar m\u00ednimo de gest\u00e3o dos recursos h\u00eddricos. Hoje, em alguns estados, existe apenas um funcion\u00e1rio respons\u00e1vel pelos recursos h\u00eddricos\u201d, criticou Izabella.<\/p>\n<p>Carolina Gon\u00e7alves<br \/>\nRep\u00f3rter da Ag\u00eancia Brasil<\/p>\n<p>Edi\u00e7\u00e3o: F\u00e1bio Massalli<\/p>\n","protected":false},"excerpt":{"rendered":"<p>Bras\u00edlia &#8211; O governo n\u00e3o voltou atr\u00e1s no artigo do novo C\u00f3digo Florestal sobre recomposi\u00e7\u00e3o de \u00e1reas de prote\u00e7\u00e3o permanentes (APPs), segundo a ministra do Meio Ambiente, Izabella Teixeira. Um dia depois da publica\u00e7\u00e3o da medida provis\u00f3ria editada pelo governo,\u00a0o texto que tratava de recupera\u00e7\u00e3o dessas \u00e1reas permitindo o uso de esp\u00e9cies nativas foi alterado. [&hellip;]<\/p>\n","protected":false},"author":5,"featured_media":34905,"comment_status":"open","ping_status":"closed","sticky":false,"template":"","format":"standard","meta":{"tdm_status":"","tdm_grid_status":"","footnotes":""},"categories":[22],"tags":[],"class_list":{"0":"post-39276","1":"post","2":"type-post","3":"status-publish","4":"format-standard","5":"has-post-thumbnail","7":"category-brasil"},"_links":{"self":[{"href":"https:\/\/migracao.redenoticia.com.br\/noticia\/wp-json\/wp\/v2\/posts\/39276","targetHints":{"allow":["GET"]}}],"collection":[{"href":"https:\/\/migracao.redenoticia.com.br\/noticia\/wp-json\/wp\/v2\/posts"}],"about":[{"href":"https:\/\/migracao.redenoticia.com.br\/noticia\/wp-json\/wp\/v2\/types\/post"}],"author":[{"embeddable":true,"href":"https:\/\/migracao.redenoticia.com.br\/noticia\/wp-json\/wp\/v2\/users\/5"}],"replies":[{"embeddable":true,"href":"https:\/\/migracao.redenoticia.com.br\/noticia\/wp-json\/wp\/v2\/comments?post=39276"}],"version-history":[{"count":0,"href":"https:\/\/migracao.redenoticia.com.br\/noticia\/wp-json\/wp\/v2\/posts\/39276\/revisions"}],"wp:featuredmedia":[{"embeddable":true,"href":"https:\/\/migracao.redenoticia.com.br\/noticia\/wp-json\/wp\/v2\/media\/34905"}],"wp:attachment":[{"href":"https:\/\/migracao.redenoticia.com.br\/noticia\/wp-json\/wp\/v2\/media?parent=39276"}],"wp:term":[{"taxonomy":"category","embeddable":true,"href":"https:\/\/migracao.redenoticia.com.br\/noticia\/wp-json\/wp\/v2\/categories?post=39276"},{"taxonomy":"post_tag","embeddable":true,"href":"https:\/\/migracao.redenoticia.com.br\/noticia\/wp-json\/wp\/v2\/tags?post=39276"}],"curies":[{"name":"wp","href":"https:\/\/api.w.org\/{rel}","templated":true}]}}