{"id":39280,"date":"2012-05-30T20:08:35","date_gmt":"2012-05-30T23:08:35","guid":{"rendered":"http:\/\/www.redenoticia.com.br\/noticia\/?p=39280"},"modified":"2012-05-31T15:58:50","modified_gmt":"2012-05-31T18:58:50","slug":"abertas-as-inscricoes-para-o-enem-2012","status":"publish","type":"post","link":"https:\/\/migracao.redenoticia.com.br\/noticia\/2012\/abertas-as-inscricoes-para-o-enem-2012\/39280","title":{"rendered":"Abertas as inscri\u00e7\u00f5es para o Enem 2012"},"content":{"rendered":"<p><a href=\"https:\/\/migracao.redenoticia.com.br\/noticia\/2010\/concurso-teodoro-sampaio-sp-consesp-182-vagas\/28950\/concurso-inscricao-vagas-ate\" rel=\"attachment wp-att-28951\"><img loading=\"lazy\" decoding=\"async\" class=\"alignleft size-full wp-image-28951\" title=\"concurso inscricao vagas ate\" src=\"https:\/\/migracao.redenoticia.com.br\/noticia\/imagens\/concurso-inscricao-vagas-ate.jpg\" alt=\"\" width=\"300\" height=\"193\" srcset=\"https:\/\/migracao.redenoticia.com.br\/noticia\/imagens\/concurso-inscricao-vagas-ate.jpg 300w, https:\/\/migracao.redenoticia.com.br\/noticia\/imagens\/concurso-inscricao-vagas-ate-250x160.jpg 250w, https:\/\/migracao.redenoticia.com.br\/noticia\/imagens\/concurso-inscricao-vagas-ate-150x96.jpg 150w\" sizes=\"auto, (max-width: 300px) 100vw, 300px\" \/><\/a>At\u00e9 o dia 15 de junho, est\u00e3o abertas as<strong><em> inscri\u00e7\u00f5es<\/em><\/strong> no Exame Nacional do Ensino M\u00e9dio (<strong><em>Enem<\/em><\/strong>) de 2012. As inscri\u00e7\u00f5es para o Exame devem ser feitas exclusivamente pela Internet no site do Instituto Nacional de Estudos e Pesquisas Educacionais An\u00edsio Teixeira (Inep), em <a href=\"http:\/\/enem.inep.gov.br\" target=\"_blank\">http:\/\/enem.inep.gov.br<\/a>. De acordo com o Minist\u00e9rio da Educa\u00e7\u00e3o, a inscri\u00e7\u00e3o ser\u00e1 confirmada ap\u00f3s o pagamento da taxa de R$ 35, at\u00e9 20 de junho, por meio de guia de recolhimento da Uni\u00e3o (GRU) simples. Aluno de escola p\u00fablica que esteja concluindo o Ensino M\u00e9dio e se declarar integrante de fam\u00edlia de baixa renda est\u00e1 isento do pagamento. O pedido de isen\u00e7\u00e3o deve ser feito no momento da inscri\u00e7\u00e3o, tamb\u00e9m pela Internet.<\/p>\n<p>As provas est\u00e3o agendadas para os dias 3 e 4 de novembro e, pelo terceiro ano consecutivo, a Universidade Federal de S\u00e3o Carlos (UFSCar) utilizar\u00e1 exclusivamente os resultados do Enem para a sele\u00e7\u00e3o de estudantes que ingressar\u00e3o nos cursos de gradua\u00e7\u00e3o presenciais ofertados em seus campi. A indica\u00e7\u00e3o da obrigatoriedade de realiza\u00e7\u00e3o do Enem 2012 para ingresso na UFSCar foi definida em edital, divulgado pela Institui\u00e7\u00e3o e dispon\u00edvel para consulta no Portal da UFSCar, em www.ufscar.br.<\/p>\n<p>Nos tr\u00eas campi da Universidade, s\u00e3o disponibilizadas 2.577 vagas em 57 cursos de gradua\u00e7\u00e3o presenciais. No campus S\u00e3o Carlos, s\u00e3o oferecidos 37 cursos, reconhecidos pela qualidade nos projetos de ensino, pesquisa e extens\u00e3o e est\u00e3o distribu\u00eddos nos Centro de Educa\u00e7\u00e3o e Ci\u00eancias Humanas; de Ci\u00eancias Exatas e de Tecnologia; de Ci\u00eancias Biol\u00f3gicas e da Sa\u00fade. Em Araras, o Centro de Ci\u00eancias Agr\u00e1rias (CCA) oferece os cursos Agroecologia, Biotecnologia, Ci\u00eancias Biol\u00f3gicas, Engenharia Agron\u00f4mica, F\u00edsica e Qu\u00edmica. Mais informa\u00e7\u00f5es sobre o CCA podem ser obtidos no endere\u00e7o www.cca.ufscar.br. O Centro de Ci\u00eancias e Tecnologias para a Sustentabilidade (CCTS), instalado no campus Sorocaba da UFSCar, tem como principal diferencial o desenvolvimento de atividades acad\u00eamicas focadas nas quest\u00f5es relativas \u00e0 sustentabilidade em todos os seus aspectos. S\u00e3o oferecidos os cursos de Administra\u00e7\u00e3o, Ci\u00eancia da Computa\u00e7\u00e3o, Ci\u00eancias Biol\u00f3gicas, Ci\u00eancias Econ\u00f4micas, Engenharia de Produ\u00e7\u00e3o, Engenharia Florestal, F\u00edsica, Geografia, Matem\u00e1tica, Pedagogia, Qu\u00edmica e Turismo. Mais informa\u00e7\u00f5es sobre o CCTS podem ser conferidas em www.sorocaba.ufscar.br.<\/p>\n<p>Acesso \u00e0 Internet<\/p>\n<p>Estudantes que necessitam de acesso \u00e0 Internet para efetuar as inscri\u00e7\u00f5es no Enem, podem utilizar computadores instalados nos campi Araras, S\u00e3o Carlos e Sorocaba da UFSCar. Para utilizar o espa\u00e7o e acesso disponibilizado pela Universidade, o interessado deve estar munido de documento oficial de identidade com foto. O atendimento ser\u00e1 de segunda a sexta-feira, das 8 \u00e0s 20 horas. Em S\u00e3o Carlos, os interessados devem se dirigir \u00e0 Secretaria Geral de Inform\u00e1tica (SIn), na \u00e1rea Norte do campus. Em Araras, os computadores est\u00e3o dispon\u00edveis na Se\u00e7\u00e3o de Inform\u00e1tica, no edif\u00edcio central do campus e, em Sorocaba, o local indicado \u00e9 o edif\u00edcio da Coordena\u00e7\u00e3o Acad\u00eamica.<\/p>\n<p>Para fazer a inscri\u00e7\u00e3o no Enem e obter outras informa\u00e7\u00f5es, o estudante deve acessar a p\u00e1gina do Inep, em http:\/\/enem.inep.gov.br. Outras d\u00favidas podem ser esclarecidas com a Coordenadoria do Vestibular da UFSCar pelo e-mail covest@ufscar.br ou pelo telefone\u00a0\u00a0\u00a0\u00a0\u00a0\u00a0\u00a0\u00a0\u00a0\u00a0\u00a0\u00a0\u00a0(16) 3351-8152\u00a0\u00a0\u00a0\u00a0\u00a0\u00a0\u00a0.<\/p>\n","protected":false},"excerpt":{"rendered":"<p>At\u00e9 o dia 15 de junho, est\u00e3o abertas as inscri\u00e7\u00f5es no Exame Nacional do Ensino M\u00e9dio (Enem) de 2012. As inscri\u00e7\u00f5es para o Exame devem ser feitas exclusivamente pela Internet no site do Instituto Nacional de Estudos e Pesquisas Educacionais An\u00edsio Teixeira (Inep), em http:\/\/enem.inep.gov.br. De acordo com o Minist\u00e9rio da Educa\u00e7\u00e3o, a inscri\u00e7\u00e3o ser\u00e1 [&hellip;]<\/p>\n","protected":false},"author":5,"featured_media":28951,"comment_status":"open","ping_status":"closed","sticky":false,"template":"","format":"standard","meta":{"tdm_status":"","tdm_grid_status":"","footnotes":""},"categories":[22,370,295],"tags":[],"class_list":{"0":"post-39280","1":"post","2":"type-post","3":"status-publish","4":"format-standard","5":"has-post-thumbnail","7":"category-brasil","8":"category-inscricao","9":"category-vestibular"},"_links":{"self":[{"href":"https:\/\/migracao.redenoticia.com.br\/noticia\/wp-json\/wp\/v2\/posts\/39280","targetHints":{"allow":["GET"]}}],"collection":[{"href":"https:\/\/migracao.redenoticia.com.br\/noticia\/wp-json\/wp\/v2\/posts"}],"about":[{"href":"https:\/\/migracao.redenoticia.com.br\/noticia\/wp-json\/wp\/v2\/types\/post"}],"author":[{"embeddable":true,"href":"https:\/\/migracao.redenoticia.com.br\/noticia\/wp-json\/wp\/v2\/users\/5"}],"replies":[{"embeddable":true,"href":"https:\/\/migracao.redenoticia.com.br\/noticia\/wp-json\/wp\/v2\/comments?post=39280"}],"version-history":[{"count":0,"href":"https:\/\/migracao.redenoticia.com.br\/noticia\/wp-json\/wp\/v2\/posts\/39280\/revisions"}],"wp:featuredmedia":[{"embeddable":true,"href":"https:\/\/migracao.redenoticia.com.br\/noticia\/wp-json\/wp\/v2\/media\/28951"}],"wp:attachment":[{"href":"https:\/\/migracao.redenoticia.com.br\/noticia\/wp-json\/wp\/v2\/media?parent=39280"}],"wp:term":[{"taxonomy":"category","embeddable":true,"href":"https:\/\/migracao.redenoticia.com.br\/noticia\/wp-json\/wp\/v2\/categories?post=39280"},{"taxonomy":"post_tag","embeddable":true,"href":"https:\/\/migracao.redenoticia.com.br\/noticia\/wp-json\/wp\/v2\/tags?post=39280"}],"curies":[{"name":"wp","href":"https:\/\/api.w.org\/{rel}","templated":true}]}}