{"id":39297,"date":"2012-05-31T15:53:12","date_gmt":"2012-05-31T18:53:12","guid":{"rendered":"http:\/\/www.redenoticia.com.br\/noticia\/?p=39297"},"modified":"2012-05-31T15:53:12","modified_gmt":"2012-05-31T18:53:12","slug":"enem-2012-mais-de-115-milhao-de-inscritos","status":"publish","type":"post","link":"https:\/\/migracao.redenoticia.com.br\/noticia\/2012\/enem-2012-mais-de-115-milhao-de-inscritos\/39297","title":{"rendered":"Enem 2012 &#8211; mais de 1,15 milh\u00e3o de inscritos"},"content":{"rendered":"<p><em><strong><img loading=\"lazy\" decoding=\"async\" class=\"alignleft size-full wp-image-22504\" title=\"enem inscricao\" src=\"https:\/\/migracao.redenoticia.com.br\/noticia\/imagens\/enem-inscricao.jpg\" alt=\"\" width=\"300\" height=\"193\" srcset=\"https:\/\/migracao.redenoticia.com.br\/noticia\/imagens\/enem-inscricao.jpg 300w, https:\/\/migracao.redenoticia.com.br\/noticia\/imagens\/enem-inscricao-250x160.jpg 250w, https:\/\/migracao.redenoticia.com.br\/noticia\/imagens\/enem-inscricao-150x96.jpg 150w\" sizes=\"auto, (max-width: 300px) 100vw, 300px\" \/>Enem 2012<\/strong><\/em> &#8211; em apenas dois dias, mais de 1,15 milh\u00e3o de estudantes inscreveram-se na edi\u00e7\u00e3o 2012 do Exame Nacional do Ensino M\u00e9dio (Enem). O balan\u00e7o foi apresentado pelo ministro da Educa\u00e7\u00e3o, Aloizio Mercadante, na manh\u00e3 desta quarta-feira, 30, no programa de r\u00e1dio\u00a0Hora da Educa\u00e7\u00e3o, produzido pela Assessoria de Comunica\u00e7\u00e3o Social do MEC.<\/p>\n<p>As inscri\u00e7\u00f5es para o Enem, feitas pela internet, tiveram in\u00edcio na segunda-feira, 28, e v\u00e3o se estender at\u00e9\u00a015 de junho. \u201cAs inscri\u00e7\u00f5es s\u00e3o um sucesso. Em dois dias, j\u00e1 tivemos mais de 1 milh\u00e3o e 150 mil inscritos, que acessaram a internet de forma bem tranquila\u201d, disse o ministro. \u201cDevemos ter um crescimento bem importante no n\u00famero de inscritos este ano.\u201d<\/p>\n<p>O destaque do programa foi a mudan\u00e7a na corre\u00e7\u00e3o da prova de reda\u00e7\u00e3o, que ganha cinco crit\u00e9rios de compet\u00eancia e uma redu\u00e7\u00e3o na discrep\u00e2ncia da nota final. A diferen\u00e7a de pontua\u00e7\u00e3o entre os dois corretores passa de 300 para 200 pontos. Um terceiro corretor ler\u00e1 a reda\u00e7\u00e3o em casos de discrep\u00e2ncia entre essa nota final ou entre as compet\u00eancias.<\/p>\n<p>Se ainda assim persistirem discrep\u00e2ncias, o texto ser\u00e1 encaminhado para uma banca final. \u201cO filtro \u00e9 muito mais rigoroso. A converg\u00eancia da reda\u00e7\u00e3o \u00e9 muito mais consistente e objetiva. N\u00f3s damos muito mais seguran\u00e7a de ter uma excelente corre\u00e7\u00e3o para que o aluno competir em iguais condi\u00e7\u00f5es com os outros milh\u00f5es de concorrentes\u201d, explicou. Em julho, ser\u00e1 publicado um manual da reda\u00e7\u00e3o com exemplos de boas reda\u00e7\u00f5es.<\/p>\n<p>Mercadante comentou a amplia\u00e7\u00e3o da log\u00edstica para garantir a seguran\u00e7a na aplica\u00e7\u00e3o do exame, em 3 e 4 novembro. \u201cTriplicamos os itens que precisar\u00e3o ser checados, ou seja, ser\u00e3o 3.349 pontos de monitoramento para a seguran\u00e7a do Enem, que \u00e9 o segundo maior exame do mundo. S\u00f3 perde para a China\u201d, disse.<\/p>\n<p>O car\u00e1ter republicano do Enem tamb\u00e9m foi ressaltado pelo ministro. O Enem permite acesso ao Programa Universidade para Todos (ProUni), ao Fundo de Financiamento Estudantil (Fies), \u00e0s universidades p\u00fablicas, pelo Sistema de Sele\u00e7\u00e3o Unificada (Sisu), e ao programa Ci\u00eancia sem Fronteiras. O Enem tamb\u00e9m certifica o estudante que n\u00e3o concluiu de forma regular o ensino m\u00e9dio. A partir de 2012, a nota de corte para a certifica\u00e7\u00e3o sobe de 400 para 450 pontos em cada \u00e1rea e ser\u00e1 de 500 na reda\u00e7\u00e3o.<\/p>\n<p>Rov\u00eania Amorim<\/p>\n<p>MEC<\/p>\n<p><a href=\"http:\/\/www.inep.gov.br\/\" target=\"_blank\">Acesse<\/a>\u00a0a p\u00e1gina do Inep<\/p>\n","protected":false},"excerpt":{"rendered":"<p>Enem 2012 &#8211; em apenas dois dias, mais de 1,15 milh\u00e3o de estudantes inscreveram-se na edi\u00e7\u00e3o 2012 do Exame Nacional do Ensino M\u00e9dio (Enem). O balan\u00e7o foi apresentado pelo ministro da Educa\u00e7\u00e3o, Aloizio Mercadante, na manh\u00e3 desta quarta-feira, 30, no programa de r\u00e1dio\u00a0Hora da Educa\u00e7\u00e3o, produzido pela Assessoria de Comunica\u00e7\u00e3o Social do MEC. As inscri\u00e7\u00f5es [&hellip;]<\/p>\n","protected":false},"author":3,"featured_media":22504,"comment_status":"open","ping_status":"closed","sticky":false,"template":"","format":"standard","meta":{"tdm_status":"","tdm_grid_status":"","footnotes":""},"categories":[22,370,295],"tags":[],"class_list":{"0":"post-39297","1":"post","2":"type-post","3":"status-publish","4":"format-standard","5":"has-post-thumbnail","7":"category-brasil","8":"category-inscricao","9":"category-vestibular"},"_links":{"self":[{"href":"https:\/\/migracao.redenoticia.com.br\/noticia\/wp-json\/wp\/v2\/posts\/39297","targetHints":{"allow":["GET"]}}],"collection":[{"href":"https:\/\/migracao.redenoticia.com.br\/noticia\/wp-json\/wp\/v2\/posts"}],"about":[{"href":"https:\/\/migracao.redenoticia.com.br\/noticia\/wp-json\/wp\/v2\/types\/post"}],"author":[{"embeddable":true,"href":"https:\/\/migracao.redenoticia.com.br\/noticia\/wp-json\/wp\/v2\/users\/3"}],"replies":[{"embeddable":true,"href":"https:\/\/migracao.redenoticia.com.br\/noticia\/wp-json\/wp\/v2\/comments?post=39297"}],"version-history":[{"count":0,"href":"https:\/\/migracao.redenoticia.com.br\/noticia\/wp-json\/wp\/v2\/posts\/39297\/revisions"}],"wp:featuredmedia":[{"embeddable":true,"href":"https:\/\/migracao.redenoticia.com.br\/noticia\/wp-json\/wp\/v2\/media\/22504"}],"wp:attachment":[{"href":"https:\/\/migracao.redenoticia.com.br\/noticia\/wp-json\/wp\/v2\/media?parent=39297"}],"wp:term":[{"taxonomy":"category","embeddable":true,"href":"https:\/\/migracao.redenoticia.com.br\/noticia\/wp-json\/wp\/v2\/categories?post=39297"},{"taxonomy":"post_tag","embeddable":true,"href":"https:\/\/migracao.redenoticia.com.br\/noticia\/wp-json\/wp\/v2\/tags?post=39297"}],"curies":[{"name":"wp","href":"https:\/\/api.w.org\/{rel}","templated":true}]}}