{"id":39302,"date":"2012-06-01T10:27:06","date_gmt":"2012-06-01T13:27:06","guid":{"rendered":"http:\/\/www.redenoticia.com.br\/noticia\/?p=39302"},"modified":"2012-06-01T17:29:24","modified_gmt":"2012-06-01T20:29:24","slug":"acesso-aos-resultados-da-prova-brasil-2011","status":"publish","type":"post","link":"https:\/\/migracao.redenoticia.com.br\/noticia\/2012\/acesso-aos-resultados-da-prova-brasil-2011\/39302","title":{"rendered":"Acesso aos resultados da Prova Brasil 2011"},"content":{"rendered":"<p><img loading=\"lazy\" decoding=\"async\" class=\"alignleft size-full wp-image-36244\" title=\"aluno vestibular\" src=\"https:\/\/migracao.redenoticia.com.br\/noticia\/imagens\/aluno-vestibular.jpg\" alt=\"\" width=\"300\" height=\"193\" srcset=\"https:\/\/migracao.redenoticia.com.br\/noticia\/imagens\/aluno-vestibular.jpg 300w, https:\/\/migracao.redenoticia.com.br\/noticia\/imagens\/aluno-vestibular-250x161.jpg 250w, https:\/\/migracao.redenoticia.com.br\/noticia\/imagens\/aluno-vestibular-150x97.jpg 150w\" sizes=\"auto, (max-width: 300px) 100vw, 300px\" \/>Bras\u00edlia &#8211; Os resultados preliminares do Sistema Nacional de Avalia\u00e7\u00e3o da Educa\u00e7\u00e3o B\u00e1sica (Saeb) referentes \u00e0 <em><strong>Prova Brasil 2011<\/strong><\/em> estar\u00e3o dispon\u00edveis na internet (site <a href=\"http:\/\/portal.inep.gov.br\" target=\"_blank\">http:\/\/portal.inep.gov.br<\/a>) na segunda-feira (4). Diretores escolares e secret\u00e1rios de educa\u00e7\u00e3o de estados e munic\u00edpios poder\u00e3o conhecer o desempenho das escolas e das redes de ensino apenas acessando o sistema de divulga\u00e7\u00e3o online ou por meio do login e senha do Educacenso.<\/p>\n<p>De acordo com a portaria do Instituto Nacional de Estudos e Pesquisas Educacionais An\u00edsio Teixeira (Inep) publicada no Di\u00e1rio Oficial da Uni\u00e3o de hoje (1\u00ba), os gestores escolares ter\u00e3o at\u00e9 13 de junho para pedir ao Inep eventuais corre\u00e7\u00f5es nas m\u00e9dias de desempenho. A partir dessa data, os dados estar\u00e3o dispon\u00edveis a toda a sociedade. No caso da Prova Brasil, aplicada a estudantes de 5\u00ba e 9\u00ba anos, ainda pode ser observado o desempenho espec\u00edfico das escolas p\u00fablicas urbanas do pa\u00eds.<\/p>\n<p>O recurso a ser interposto por gestores ao Inep deve ocorrer por meio de of\u00edcio assinado pelo diretor da escola ou secret\u00e1rio municipal ou estadual de educa\u00e7\u00e3o com as justificativas que fundamentem a solicita\u00e7\u00e3o de corre\u00e7\u00e3o. Os of\u00edcios dever\u00e3o ser digitalizados, anexados e enviados por meio de formul\u00e1rio eletr\u00f4nico no endere\u00e7o <a href=\"http:\/\/portal.inep.gov.br\/institucional-faleconosco\" target=\"_blank\">http:\/\/portal.inep.gov.br\/institucional-faleconosco<\/a>. S\u00f3 ser\u00e3o aceitos recursos encaminhados por meio eletr\u00f4nico.<\/p>\n<p>A Prova Brasil e o Sistema Nacional de Avalia\u00e7\u00e3o da Educa\u00e7\u00e3o B\u00e1sica (Saeb) \u2013 promovidos pelo Instituto Nacional de Estudos e Pesquisas Educacionais An\u00edsio Teixeira (Inep) \u2013 servem para avaliar o sistema educacional brasileiro, a partir de testes padronizados e question\u00e1rios socioecon\u00f4micos.<br \/>\nProfessores e diretores das turmas e escolas avaliadas tamb\u00e9m respondem a question\u00e1rios que coletam dados demogr\u00e1ficos, profissionais e de condi\u00e7\u00f5es de trabalho. A partir das informa\u00e7\u00f5es do Saeb e da Prova Brasil, o Minist\u00e9rio da Educa\u00e7\u00e3o e as secretarias estaduais e municipais de Educa\u00e7\u00e3o podem definir a\u00e7\u00f5es voltadas ao aprimoramento da qualidade da educa\u00e7\u00e3o no pa\u00eds e a redu\u00e7\u00e3o das desigualdades.<\/p>\n<p>As m\u00e9dias de desempenho nessas avalia\u00e7\u00f5es tamb\u00e9m subsidiam o c\u00e1lculo do \u00cdndice de Desenvolvimento da Educa\u00e7\u00e3o B\u00e1sica (Ideb).<\/p>\n<p>Christina Machado<br \/>\nRep\u00f3rter da Ag\u00eancia Brasil<br \/>\nEdi\u00e7\u00e3o: Talita Cavalcante<\/p>\n","protected":false},"excerpt":{"rendered":"<p>Bras\u00edlia &#8211; Os resultados preliminares do Sistema Nacional de Avalia\u00e7\u00e3o da Educa\u00e7\u00e3o B\u00e1sica (Saeb) referentes \u00e0 Prova Brasil 2011 estar\u00e3o dispon\u00edveis na internet (site http:\/\/portal.inep.gov.br) na segunda-feira (4). Diretores escolares e secret\u00e1rios de educa\u00e7\u00e3o de estados e munic\u00edpios poder\u00e3o conhecer o desempenho das escolas e das redes de ensino apenas acessando o sistema de divulga\u00e7\u00e3o [&hellip;]<\/p>\n","protected":false},"author":3,"featured_media":36244,"comment_status":"open","ping_status":"closed","sticky":false,"template":"","format":"standard","meta":{"tdm_status":"","tdm_grid_status":"","footnotes":""},"categories":[22],"tags":[],"class_list":{"0":"post-39302","1":"post","2":"type-post","3":"status-publish","4":"format-standard","5":"has-post-thumbnail","7":"category-brasil"},"_links":{"self":[{"href":"https:\/\/migracao.redenoticia.com.br\/noticia\/wp-json\/wp\/v2\/posts\/39302","targetHints":{"allow":["GET"]}}],"collection":[{"href":"https:\/\/migracao.redenoticia.com.br\/noticia\/wp-json\/wp\/v2\/posts"}],"about":[{"href":"https:\/\/migracao.redenoticia.com.br\/noticia\/wp-json\/wp\/v2\/types\/post"}],"author":[{"embeddable":true,"href":"https:\/\/migracao.redenoticia.com.br\/noticia\/wp-json\/wp\/v2\/users\/3"}],"replies":[{"embeddable":true,"href":"https:\/\/migracao.redenoticia.com.br\/noticia\/wp-json\/wp\/v2\/comments?post=39302"}],"version-history":[{"count":0,"href":"https:\/\/migracao.redenoticia.com.br\/noticia\/wp-json\/wp\/v2\/posts\/39302\/revisions"}],"wp:featuredmedia":[{"embeddable":true,"href":"https:\/\/migracao.redenoticia.com.br\/noticia\/wp-json\/wp\/v2\/media\/36244"}],"wp:attachment":[{"href":"https:\/\/migracao.redenoticia.com.br\/noticia\/wp-json\/wp\/v2\/media?parent=39302"}],"wp:term":[{"taxonomy":"category","embeddable":true,"href":"https:\/\/migracao.redenoticia.com.br\/noticia\/wp-json\/wp\/v2\/categories?post=39302"},{"taxonomy":"post_tag","embeddable":true,"href":"https:\/\/migracao.redenoticia.com.br\/noticia\/wp-json\/wp\/v2\/tags?post=39302"}],"curies":[{"name":"wp","href":"https:\/\/api.w.org\/{rel}","templated":true}]}}