{"id":39304,"date":"2012-06-01T15:31:23","date_gmt":"2012-06-01T18:31:23","guid":{"rendered":"http:\/\/www.redenoticia.com.br\/noticia\/?p=39304"},"modified":"2012-06-01T17:34:28","modified_gmt":"2012-06-01T20:34:28","slug":"espetaculos-de-musica-e-danca-em-sp","status":"publish","type":"post","link":"https:\/\/migracao.redenoticia.com.br\/noticia\/2012\/espetaculos-de-musica-e-danca-em-sp\/39304","title":{"rendered":"Espet\u00e1culos de m\u00fasica e dan\u00e7a em SP"},"content":{"rendered":"<p><img loading=\"lazy\" decoding=\"async\" class=\"alignleft size-full wp-image-27918\" title=\"virada cultural sp\" src=\"https:\/\/migracao.redenoticia.com.br\/noticia\/imagens\/virada-cultural-sp-2010.jpg\" alt=\"\" width=\"300\" height=\"193\" srcset=\"https:\/\/migracao.redenoticia.com.br\/noticia\/imagens\/virada-cultural-sp-2010.jpg 300w, https:\/\/migracao.redenoticia.com.br\/noticia\/imagens\/virada-cultural-sp-2010-250x160.jpg 250w, https:\/\/migracao.redenoticia.com.br\/noticia\/imagens\/virada-cultural-sp-2010-150x96.jpg 150w\" sizes=\"auto, (max-width: 300px) 100vw, 300px\" \/>O Portal do governo do estado de <em><strong>SP<\/strong><\/em> preparou algumas dicas para curtir o final de semana embalado na <em><strong>m\u00fasica<\/strong><\/em> e na <em><strong>dan\u00e7a<\/strong><\/em>. Uma op\u00e7\u00e3o \u00e9 conferir a mostra estadual 3\u00aa Plataforma Estado de Dan\u00e7a, no teatro S\u00e9rgio Cardoso. Ou ent\u00e3o, assistir na Sala S\u00e3o Paulo a apresenta\u00e7\u00e3o musical com a particiapa\u00e7\u00e3o especial das 200 vozes do Coral da USP. Confira as dicas:<\/p>\n<p>200 vozes na Sala S\u00e3o Paulo<br \/>\nA mezzosoprano curitibana Ariadne Oliveira e o bar\u00edtono paulistano Leonardo Pace s\u00e3o os convidados do concerto da s\u00e9rie de apresenta\u00e7\u00f5es baseadas nos quatro elementos do pensamento cl\u00e1ssico. O fogo ser\u00e1 representado em obras do compositor espanhol Manuel De Falla, El amor brujo: su\u00edte; do finland\u00eas Jean Sibelius, Tulen Sinty &#8211; A origem do fogo, opus 32; do russo Igor Stravinsky, O p\u00e1ssaro de fogo, bem como do brasileiro Eduardo Guimar\u00e3es \u00c1lvares na primeira audi\u00e7\u00e3o de O fogo no canavial. O maestro Ricardo Bologna rege a Orquestra Sinf\u00f4nica da USP. A apresenta\u00e7\u00e3o conta com a participa\u00e7\u00e3o especial das 200 vozes do Coral da USP.<\/p>\n<p>Sala S\u00e3o Paulo<br \/>\nPra\u00e7a J\u00falio Prestes, s\/n\u00ba &#8211; Luz &#8211; S\u00e3o Paulo &#8211; Telefone (11) 3367-9500<br \/>\nDomingo, 3, 17 horas<br \/>\nIngressos: R$ 12 a R$ 60. Aposentados, pessoas acima de 60 anos, estudantes e professores da rede estadual pagam meia-entrada mediante comprova\u00e7\u00e3o. Classifica\u00e7\u00e3o: 7 anos<\/p>\n<p>J\u00falio Medaglia no Theatro S\u00e3o Pedro<br \/>\nO pianista Eud\u00f3xia de Barros toca a composi\u00e7\u00e3o de Ernesto Nazareth, Nazaretiana, para piano e orquestra; de Felix Mendelssohn-Bartholdy, Concerto para piano e orquestra n\u00ba 1 em sol menor, opus 25. A orquestra do Theatro S\u00e3o Pedro \u00e9 regida por J\u00falio Medaglia na abertura da \u00f3pera O garatuja, de Alberto Nepomuceno; e Su\u00edte Piratininga, de Osvaldo Lacerda.<\/p>\n<p>Theatro S\u00e3o Pedro<br \/>\nRua Barra Funda, 171 &#8211; Barra Funda &#8211; S\u00e3o Paulo<br \/>\nTelefone (11) 3667-0499. Amanh\u00e3, 20h30<br \/>\nIngresso: R$ 20 e R$ 10 (meia-entrada). Classifica\u00e7\u00e3o: 7 anos<\/p>\n<p>Espet\u00e1culos de dan\u00e7a no palco do S\u00e9rgio Cardoso<br \/>\nA mostra estadual 3\u00aa Plataforma Estado de Dan\u00e7a, em sua 3\u00aa edi\u00e7\u00e3o, apresenta um panorama de dan\u00e7a com 13 espet\u00e1culos de grupos da capital e do interior em diferentes estilos, que v\u00e3o do flamenco ao contempor\u00e2neo e tratam de temas como a universalidade do medo e a rela\u00e7\u00e3o do homem com o meio ambiente. O evento, promovido pela Secretaria de Estado da Cultura, come\u00e7a hoje e vai at\u00e9 o dia 10. Um dos destaques \u00e9 a presen\u00e7a do compositor Gilberto Mendes, que completa 90 anos de idade, homenageado no espet\u00e1culo inspirado em suas obras musicais Uma foz, uma fala, uma dan\u00e7a para Gilberto Mendes, ser\u00e1 exibido no dia 4, segunda-feira. Programa\u00e7\u00e3o completa pelo site www. cultura.sp.gov.br<\/p>\n<p>Teatro S\u00e9rgio Cardoso &#8211; Sala Paschoal Carlos Magno<br \/>\nRua Rui Barbosa, 153 &#8211; Bela Vista &#8211; S\u00e3o Paulo &#8211; Telefone (11) 3288-0136<br \/>\nDe hoje a domingo (10). Segunda-feira a s\u00e1bado, \u00e0s 19 e 21 horas. Domingo,<br \/>\n\u00e0s 17 e 19 horas<br \/>\nIngressos: R$ 15 e R$ 7,50 (meia-entrada). Classifica\u00e7\u00e3o: livre<\/p>\n<p>Do Portal do Governo do Estado e Ag\u00eancia Imprensa Oficial<\/p>\n","protected":false},"excerpt":{"rendered":"<p>O Portal do governo do estado de SP preparou algumas dicas para curtir o final de semana embalado na m\u00fasica e na dan\u00e7a. Uma op\u00e7\u00e3o \u00e9 conferir a mostra estadual 3\u00aa Plataforma Estado de Dan\u00e7a, no teatro S\u00e9rgio Cardoso. Ou ent\u00e3o, assistir na Sala S\u00e3o Paulo a apresenta\u00e7\u00e3o musical com a particiapa\u00e7\u00e3o especial das 200 [&hellip;]<\/p>\n","protected":false},"author":3,"featured_media":27918,"comment_status":"open","ping_status":"closed","sticky":false,"template":"","format":"standard","meta":{"tdm_status":"","tdm_grid_status":"","footnotes":""},"categories":[22],"tags":[],"class_list":{"0":"post-39304","1":"post","2":"type-post","3":"status-publish","4":"format-standard","5":"has-post-thumbnail","7":"category-brasil"},"_links":{"self":[{"href":"https:\/\/migracao.redenoticia.com.br\/noticia\/wp-json\/wp\/v2\/posts\/39304","targetHints":{"allow":["GET"]}}],"collection":[{"href":"https:\/\/migracao.redenoticia.com.br\/noticia\/wp-json\/wp\/v2\/posts"}],"about":[{"href":"https:\/\/migracao.redenoticia.com.br\/noticia\/wp-json\/wp\/v2\/types\/post"}],"author":[{"embeddable":true,"href":"https:\/\/migracao.redenoticia.com.br\/noticia\/wp-json\/wp\/v2\/users\/3"}],"replies":[{"embeddable":true,"href":"https:\/\/migracao.redenoticia.com.br\/noticia\/wp-json\/wp\/v2\/comments?post=39304"}],"version-history":[{"count":0,"href":"https:\/\/migracao.redenoticia.com.br\/noticia\/wp-json\/wp\/v2\/posts\/39304\/revisions"}],"wp:featuredmedia":[{"embeddable":true,"href":"https:\/\/migracao.redenoticia.com.br\/noticia\/wp-json\/wp\/v2\/media\/27918"}],"wp:attachment":[{"href":"https:\/\/migracao.redenoticia.com.br\/noticia\/wp-json\/wp\/v2\/media?parent=39304"}],"wp:term":[{"taxonomy":"category","embeddable":true,"href":"https:\/\/migracao.redenoticia.com.br\/noticia\/wp-json\/wp\/v2\/categories?post=39304"},{"taxonomy":"post_tag","embeddable":true,"href":"https:\/\/migracao.redenoticia.com.br\/noticia\/wp-json\/wp\/v2\/tags?post=39304"}],"curies":[{"name":"wp","href":"https:\/\/api.w.org\/{rel}","templated":true}]}}