{"id":39329,"date":"2012-06-04T10:26:19","date_gmt":"2012-06-04T13:26:19","guid":{"rendered":"http:\/\/www.redenoticia.com.br\/noticia\/?p=39329"},"modified":"2012-06-04T14:26:43","modified_gmt":"2012-06-04T17:26:43","slug":"brasil-sem-miseria-registrou-123-mil-inscricoes-em-cursos","status":"publish","type":"post","link":"https:\/\/migracao.redenoticia.com.br\/noticia\/2012\/brasil-sem-miseria-registrou-123-mil-inscricoes-em-cursos\/39329","title":{"rendered":"Brasil Sem Mis\u00e9ria registrou 123 mil inscri\u00e7\u00f5es em cursos"},"content":{"rendered":"<p><img loading=\"lazy\" decoding=\"async\" class=\"alignleft size-full wp-image-36262\" title=\"aluno a\" src=\"https:\/\/migracao.redenoticia.com.br\/noticia\/imagens\/aluno-a.jpg\" alt=\"\" width=\"300\" height=\"193\" srcset=\"https:\/\/migracao.redenoticia.com.br\/noticia\/imagens\/aluno-a.jpg 300w, https:\/\/migracao.redenoticia.com.br\/noticia\/imagens\/aluno-a-250x161.jpg 250w, https:\/\/migracao.redenoticia.com.br\/noticia\/imagens\/aluno-a-150x97.jpg 150w\" sizes=\"auto, (max-width: 300px) 100vw, 300px\" \/>Ao completar um ano, o <em><strong>Plano Brasil Sem Mis\u00e9ria<\/strong><\/em> registrou 123 mil inscri\u00e7\u00f5es em cursos de qualifica\u00e7\u00e3o em todos os estados brasileiros e est\u00e1 beneficiando mais de 263 mil fam\u00edlias de agricultores com assist\u00eancia t\u00e9cnica, sementes, recursos para a aquisi\u00e7\u00e3o de equipamentos e \u00e1gua para beber e produzir. A inclus\u00e3o produtiva \u00e9 o terceiro eixo da estrat\u00e9gia do plano, que se baseia tamb\u00e9m na expans\u00e3o dos servi\u00e7os p\u00fablicos para as regi\u00f5es mais pobres do Pa\u00eds e complementa\u00e7\u00e3o de renda.<\/p>\n<p>Al\u00e9m disso, nas cidades, 23 mil microempreendedores individuais receberam assist\u00eancia t\u00e9cnica para melhorar seus neg\u00f3cios. \u201cEstamos montando com o Sebrae uma agenda diferenciada para esse p\u00fablico, que tem muitas estrat\u00e9gias de sobreviv\u00eancia\u201d, afirma a ministra do Desenvolvimento Social, Tereza Campello. Segundo ela, n\u00e3o s\u00e3o pessoas sem renda alguma, trabalham, mas n\u00e3o conseguem ganhar o suficiente para superar a pobreza extrema.<\/p>\n<p>Semi\u00e1rido &#8211; Na regi\u00e3o do Semi\u00e1rido, foram feitas 111 mil cisternas em apenas um ano, duas vezes mais do que a m\u00e9dia anual de 47 mil entre 2003 e 2010. A maior parte dos programas de apoio \u00e0s fam\u00edlias agricultoras extremamente pobres est\u00e1 no Nordeste, onde a popula\u00e7\u00e3o enfrenta a pior seca em 50 anos, o que exigiu um investimento de R$ 2,7 bilh\u00f5es para mitigar os efeitos da estiagem na produ\u00e7\u00e3o familiar.<\/p>\n<p>Em todo o Brasil, o programa Luz para Todos atendeu 44% dos 257 mil domic\u00edlios em situa\u00e7\u00e3o de extrema pobreza. A chegada da energia tem um impacto imediato na capacidade produtiva de fam\u00edlias do campo porque permite incorporar m\u00e1quinas no beneficiamento de alimentos.<\/p>\n<p>Pronatec &#8211; Para qualificar a popula\u00e7\u00e3o pobre em idade economicamente ativa, o Programa Nacional de Acesso ao Ensino T\u00e9cnico e Emprego (Pronatec) oferece 256 mil vagas em 189 tipos de cursos nas \u00e1reas de constru\u00e7\u00e3o civil, servi\u00e7os, hotelaria, com\u00e9rcio, ind\u00fastria, bares, restaurantes e cuidados com idosos. A carga hor\u00e1ria \u00e9 de 160 a 360 horas. Dos 123 mil j\u00e1 inscritos, 44% t\u00eam entre 18 e 28 anos e 70% s\u00e3o mulheres. \u201cElas s\u00e3o chefes de fam\u00edlia e est\u00e3o em busca de meios para ampliar a renda para sustentar seus lares\u201d, avalia o diretor de Inclus\u00e3o Produtiva da Secretaria Extraordin\u00e1ria para Supera\u00e7\u00e3o da Extrema Pobreza (Sesep) do MDS, Luiz Muller.<\/p>\n<p>Busca Ativa contou com prefeituras, agentes de sa\u00fade e empresas<\/p>\n<p>Considerando apenas o chefe da fam\u00edlia, o resultado da busca ativa no primeiro ano do plano corresponde \u00e0 popula\u00e7\u00e3o de Jo\u00e3o Pessoa (PB). Se for levada em conta toda a fam\u00edlia, com a m\u00e9dia de quatro pessoas, \u00e9 uma Salvador inteira que estava fora dos programas. Para chegar a essas pessoas, o minist\u00e9rio partiu do princ\u00edpio de que, por algum motivo, elas n\u00e3o conseguiam ter acesso aos servi\u00e7os de assist\u00eancia social das prefeituras e pedir a inscri\u00e7\u00e3o no cadastro \u00fanico. \u201cEra preciso sair dos escrit\u00f3rios. Mobilizamos prefeituras, agentes de sa\u00fade, empresas de distribui\u00e7\u00e3o de energia el\u00e9trica\u201d, conta Tereza. \u201cAs prefeituras est\u00e3o sendo remuneradas por esse trabalho\u201d.<\/p>\n<p>Em Franco da Rocha (SP), a assistente social Marisa Lima foi uma dessas agentes mobilizadas. Em janeiro deste ano ela estava trabalhando na Unidade B\u00e1sica de Sa\u00fade Municipal do Centro, na Avenida dos Coqueiros, quando apareceu por l\u00e1 Raimundo Marques Ferreira, pintor de paredes, de 52 anos.<\/p>\n<p>Buscava rem\u00e9dios, pois sofreu um acidente de trabalho. Como n\u00e3o era registrado e a empresa fechou as portas ap\u00f3s o acidente, ficou sem nenhum tipo de cobertura. Ele mora com quatro filhos num c\u00f4modo de pouco mais de 30 metros quadrados.<\/p>\n<p>No centro de sa\u00fade, abordado pela assistente social, o pintor contou que &#8220;j\u00e1 tinha ouvido falar&#8221; do Bolsa Fam\u00edlia, mas n\u00e3o sabia se tinha direito, nem como se inscrever. Hoje recebe R$ 102 por m\u00eas, que usa para pagar as contas de \u00e1gua e luz e comprar alguma comida. Dois de seus filhos, com 16 e 13 anos, foram inscritos no A\u00e7\u00e3o Jovem, do governo estadual, que garante R$ 80 por m\u00eas.<\/p>\n<p>Agora a assist\u00eancia social orienta Ferreira para que obtenha uma aposentadoria por invalidez. Se conseguir, vai ampliar a casa e pagar cursos de inform\u00e1tica para os filhos menores.<\/p>\n","protected":false},"excerpt":{"rendered":"<p>Ao completar um ano, o Plano Brasil Sem Mis\u00e9ria registrou 123 mil inscri\u00e7\u00f5es em cursos de qualifica\u00e7\u00e3o em todos os estados brasileiros e est\u00e1 beneficiando mais de 263 mil fam\u00edlias de agricultores com assist\u00eancia t\u00e9cnica, sementes, recursos para a aquisi\u00e7\u00e3o de equipamentos e \u00e1gua para beber e produzir. A inclus\u00e3o produtiva \u00e9 o terceiro eixo [&hellip;]<\/p>\n","protected":false},"author":3,"featured_media":36262,"comment_status":"open","ping_status":"closed","sticky":false,"template":"","format":"standard","meta":{"tdm_status":"","tdm_grid_status":"","footnotes":""},"categories":[22],"tags":[],"class_list":{"0":"post-39329","1":"post","2":"type-post","3":"status-publish","4":"format-standard","5":"has-post-thumbnail","7":"category-brasil"},"_links":{"self":[{"href":"https:\/\/migracao.redenoticia.com.br\/noticia\/wp-json\/wp\/v2\/posts\/39329","targetHints":{"allow":["GET"]}}],"collection":[{"href":"https:\/\/migracao.redenoticia.com.br\/noticia\/wp-json\/wp\/v2\/posts"}],"about":[{"href":"https:\/\/migracao.redenoticia.com.br\/noticia\/wp-json\/wp\/v2\/types\/post"}],"author":[{"embeddable":true,"href":"https:\/\/migracao.redenoticia.com.br\/noticia\/wp-json\/wp\/v2\/users\/3"}],"replies":[{"embeddable":true,"href":"https:\/\/migracao.redenoticia.com.br\/noticia\/wp-json\/wp\/v2\/comments?post=39329"}],"version-history":[{"count":0,"href":"https:\/\/migracao.redenoticia.com.br\/noticia\/wp-json\/wp\/v2\/posts\/39329\/revisions"}],"wp:featuredmedia":[{"embeddable":true,"href":"https:\/\/migracao.redenoticia.com.br\/noticia\/wp-json\/wp\/v2\/media\/36262"}],"wp:attachment":[{"href":"https:\/\/migracao.redenoticia.com.br\/noticia\/wp-json\/wp\/v2\/media?parent=39329"}],"wp:term":[{"taxonomy":"category","embeddable":true,"href":"https:\/\/migracao.redenoticia.com.br\/noticia\/wp-json\/wp\/v2\/categories?post=39329"},{"taxonomy":"post_tag","embeddable":true,"href":"https:\/\/migracao.redenoticia.com.br\/noticia\/wp-json\/wp\/v2\/tags?post=39329"}],"curies":[{"name":"wp","href":"https:\/\/api.w.org\/{rel}","templated":true}]}}