{"id":39330,"date":"2012-06-04T10:30:37","date_gmt":"2012-06-04T13:30:37","guid":{"rendered":"http:\/\/www.redenoticia.com.br\/noticia\/?p=39330"},"modified":"2012-06-04T14:30:53","modified_gmt":"2012-06-04T17:30:53","slug":"passo-a-passo-para-renovar-a-cnh-em-sp","status":"publish","type":"post","link":"https:\/\/migracao.redenoticia.com.br\/noticia\/2012\/passo-a-passo-para-renovar-a-cnh-em-sp\/39330","title":{"rendered":"Passo-a-passo para renovar a CNH em SP"},"content":{"rendered":"<p><img loading=\"lazy\" decoding=\"async\" class=\"alignleft size-full wp-image-35207\" title=\"transito estradas\" src=\"https:\/\/migracao.redenoticia.com.br\/noticia\/imagens\/transito-estradas.jpg\" alt=\"\" width=\"300\" height=\"193\" srcset=\"https:\/\/migracao.redenoticia.com.br\/noticia\/imagens\/transito-estradas.jpg 300w, https:\/\/migracao.redenoticia.com.br\/noticia\/imagens\/transito-estradas-250x160.jpg 250w, https:\/\/migracao.redenoticia.com.br\/noticia\/imagens\/transito-estradas-150x96.jpg 150w\" sizes=\"auto, (max-width: 300px) 100vw, 300px\" \/>O Detran-SP enviar\u00e1 cartas aos condutores para avisar sobre vencimento da carteira de habilita\u00e7\u00e3o.<\/p>\n<p>1.\u00a0Fa\u00e7a o pr\u00e9-cadastro gratuitamente no site do e-CNHsp do Detran.SP (<a href=\"http:\/\/www.e-cnhsp.sp.gov.br\" target=\"_blank\">www.e-cnhsp.sp.gov.br<\/a>; para o interior acesse <a href=\"http:\/\/interior.e-cnhsp.sp.gov.br\" target=\"_blank\">interior.e-cnhsp.sp.gov.br<\/a> ). Selecione a op\u00e7\u00e3o &#8220;Renova\u00e7\u00e3o&#8221;, preencha os campos com os dados pessoais, agende data e hor\u00e1rio para realizar a coleta biom\u00e9trica e confirma\u00e7\u00e3o do pr\u00e9-cadastro<\/p>\n<p>2.\u00a0Com o protocolo de agendamento em m\u00e3os, compare\u00e7a, na data e hor\u00e1rio marcados, \u00e0 unidade de atendimento escolhida portando os documentos necess\u00e1rios, conforme o local escolhido no agendamento. A lista est\u00e1 dispon\u00edvel no portal do Detran.SP ou do Poupatempo<\/p>\n<p>3.\u00a0Em seguida, realize o exame m\u00e9dico em uma cl\u00ednica credenciada (R$ 60,85). Taxistas precisam fazer tamb\u00e9m o exame psicot\u00e9cnico (R$ 70,99)<\/p>\n<p>4.\u00a0Pague a taxa de Renova\u00e7\u00e3o da CNH nos bancos credenciados: R$ 30,43 para retirar o documento na unidade em que o solicitou; ou R$ 41,43 para receb\u00ea-lo via Correios no endere\u00e7o cadastrado junto ao Detran-SP<\/p>\n<p>5.\u00a0Retorne \u00e0 unidade de atendimento com o resultado do exame m\u00e9dico &#8211; e psicot\u00e9cnico, se for o caso &#8211; e o comprovante de pagamento para finalizar o procedimento<\/p>\n<p>6.\u00a0Retire sua habilita\u00e7\u00e3o renovada no local em que solicitou o servi\u00e7o, no prazo informado pela unidade; ou aguarde o recebimento no endere\u00e7o cadastrado em at\u00e9 sete dias \u00fateis, caso opte pela entrega via Correios<\/p>\n<p>Fonte: Detran-SP<\/p>\n<p>Do Portal do Governo do Estado<\/p>\n","protected":false},"excerpt":{"rendered":"<p>O Detran-SP enviar\u00e1 cartas aos condutores para avisar sobre vencimento da carteira de habilita\u00e7\u00e3o. 1.\u00a0Fa\u00e7a o pr\u00e9-cadastro gratuitamente no site do e-CNHsp do Detran.SP (www.e-cnhsp.sp.gov.br; para o interior acesse interior.e-cnhsp.sp.gov.br ). Selecione a op\u00e7\u00e3o &#8220;Renova\u00e7\u00e3o&#8221;, preencha os campos com os dados pessoais, agende data e hor\u00e1rio para realizar a coleta biom\u00e9trica e confirma\u00e7\u00e3o do pr\u00e9-cadastro [&hellip;]<\/p>\n","protected":false},"author":3,"featured_media":35207,"comment_status":"open","ping_status":"closed","sticky":false,"template":"","format":"standard","meta":{"tdm_status":"","tdm_grid_status":"","footnotes":""},"categories":[22],"tags":[],"class_list":{"0":"post-39330","1":"post","2":"type-post","3":"status-publish","4":"format-standard","5":"has-post-thumbnail","7":"category-brasil"},"_links":{"self":[{"href":"https:\/\/migracao.redenoticia.com.br\/noticia\/wp-json\/wp\/v2\/posts\/39330","targetHints":{"allow":["GET"]}}],"collection":[{"href":"https:\/\/migracao.redenoticia.com.br\/noticia\/wp-json\/wp\/v2\/posts"}],"about":[{"href":"https:\/\/migracao.redenoticia.com.br\/noticia\/wp-json\/wp\/v2\/types\/post"}],"author":[{"embeddable":true,"href":"https:\/\/migracao.redenoticia.com.br\/noticia\/wp-json\/wp\/v2\/users\/3"}],"replies":[{"embeddable":true,"href":"https:\/\/migracao.redenoticia.com.br\/noticia\/wp-json\/wp\/v2\/comments?post=39330"}],"version-history":[{"count":0,"href":"https:\/\/migracao.redenoticia.com.br\/noticia\/wp-json\/wp\/v2\/posts\/39330\/revisions"}],"wp:featuredmedia":[{"embeddable":true,"href":"https:\/\/migracao.redenoticia.com.br\/noticia\/wp-json\/wp\/v2\/media\/35207"}],"wp:attachment":[{"href":"https:\/\/migracao.redenoticia.com.br\/noticia\/wp-json\/wp\/v2\/media?parent=39330"}],"wp:term":[{"taxonomy":"category","embeddable":true,"href":"https:\/\/migracao.redenoticia.com.br\/noticia\/wp-json\/wp\/v2\/categories?post=39330"},{"taxonomy":"post_tag","embeddable":true,"href":"https:\/\/migracao.redenoticia.com.br\/noticia\/wp-json\/wp\/v2\/tags?post=39330"}],"curies":[{"name":"wp","href":"https:\/\/api.w.org\/{rel}","templated":true}]}}