{"id":39352,"date":"2012-06-06T14:32:59","date_gmt":"2012-06-06T17:32:59","guid":{"rendered":"http:\/\/www.redenoticia.com.br\/noticia\/?p=39352"},"modified":"2012-06-06T14:32:59","modified_gmt":"2012-06-06T17:32:59","slug":"inscricao-para-o-vestibular-das-fatecs","status":"publish","type":"post","link":"https:\/\/migracao.redenoticia.com.br\/noticia\/2012\/inscricao-para-o-vestibular-das-fatecs\/39352","title":{"rendered":"Inscri\u00e7\u00e3o para o Vestibular das Fatecs"},"content":{"rendered":"<p><em><strong><img loading=\"lazy\" decoding=\"async\" class=\"alignleft size-full wp-image-34896\" title=\"vestibular\" src=\"https:\/\/migracao.redenoticia.com.br\/noticia\/imagens\/vestibular2.jpg\" alt=\"\" width=\"300\" height=\"193\" srcset=\"https:\/\/migracao.redenoticia.com.br\/noticia\/imagens\/vestibular2.jpg 300w, https:\/\/migracao.redenoticia.com.br\/noticia\/imagens\/vestibular2-250x160.jpg 250w, https:\/\/migracao.redenoticia.com.br\/noticia\/imagens\/vestibular2-150x96.jpg 150w\" sizes=\"auto, (max-width: 300px) 100vw, 300px\" \/>Vestibular<\/strong><\/em> das Fatecs &#8211; as inscri\u00e7\u00f5es para o processo seletivo das Faculdades de Tecnologia (<em><strong>Fatecs<\/strong><\/em>) do Estado de S\u00e3o Paulo devem ser feitas exclusivamente pela internet, no site\u00a0<a href=\"http:\/\/www.vestibularfatec.com.br\/\" target=\"_blank\">www.vestibularfatec.com.br<\/a>\u00a0, at\u00e9 as 15 horas da pr\u00f3xima segunda-feira, 11 de junho. O exame ser\u00e1 no dia 1\u00ba de julho.<\/p>\n<p>O vestibular para o segundo semestre de 2012 oferece 11.895 vagas \u2013 distribu\u00eddas entre as 55 Fatecs \u2013, o que representa um crescimento de 1.035 vagas em rela\u00e7\u00e3o ao mesmo per\u00edodo do ano anterior (10.860).<\/p>\n<p>No ato da inscri\u00e7\u00e3o o candidato pode colocar como segunda op\u00e7\u00e3o um outro per\u00edodo do mesmo curso, desde que oferecido na mesma faculdade; ou qualquer per\u00edodo do mesmo curso da primeira op\u00e7\u00e3o, de outra Fatec; ou ainda qualquer curso com o mesmo conjunto de disciplinas priorit\u00e1rias (a rela\u00e7\u00e3o dos cursos estar\u00e1 no site\u00a0<a href=\"http:\/\/www.vestibularfatec.com.br%2C\/\">www.vestibularfatec.com.br,<\/a>\u00a0no momento em que o candidato for definir a segunda op\u00e7\u00e3o), em qualquer Fatec e per\u00edodo.<\/p>\n<p>Novidades<\/p>\n<p>* Duas Fatecs, a de Itaquera, na Capital, e a de Diadema, passam a integrar o processo seletivo, oferecendo 160 e 80 vagas, respectivamente. Al\u00e9m da Fatec Pomp\u00e9ia (antes campus de Mar\u00edlia), que j\u00e1 oferece o curso de Mecaniza\u00e7\u00e3o em Agricultura de Precis\u00e3o, com 80 vagas.<\/p>\n<p>* Do total de 62 cursos de gradua\u00e7\u00e3o tecnol\u00f3gica que ser\u00e3o oferecidos, um \u00e9 in\u00e9dito: Produ\u00e7\u00e3o de Cosm\u00e9ticos, na Fatec Diadema, com 80 vagas, divididas entre os per\u00edodos da tarde e da noite.<br \/>\n* Tr\u00eas Fatecs v\u00e3o ampliar os cursos oferecidos:<\/p>\n<p>Fatec Itaquaquecetuba \u2013 Gest\u00e3o da Tecnologia da Informa\u00e7\u00e3o (40 vagas de manh\u00e3);<br \/>\nFatec Mau\u00e1 \u2013 Fabrica\u00e7\u00e3o Mec\u00e2nica (80 vagas, divididas entre os per\u00edodos da manh\u00e3 e da noite);<br \/>\nFatec Presidente Prudente \u2013 Eventos (tarde) e Gest\u00e3o Empresarial (noite), 40 vagas, cada.<\/p>\n<p>* Tr\u00eas Fatecs v\u00e3o implantar novas turmas em cursos j\u00e1 existentes:<\/p>\n<p>Fatec Presidente Prudente \u2013 An\u00e1lise e Desenvolvimento de Sistemas (40 vagas \u00e0 noite);<br \/>\nFatec S\u00e3o Jos\u00e9 dos Campos \u2013 An\u00e1lise e Desenvolvimento de Sistemas (40 vagas \u00e0 tarde); e<br \/>\nFatec Zona Leste, na Capital \u2013 Com\u00e9rcio Exterior (40 vagas \u00e0 tarde).<\/p>\n<p>Inscri\u00e7\u00f5es<\/p>\n<p>Para concorrer a uma das vagas do Vestibular, o candidato dever ter conclu\u00eddo ou estar cursando o Ensino M\u00e9dio ou equivalente, desde que no ato da matr\u00edcula comprove a conclus\u00e3o do curso.<\/p>\n<p>Para se inscrever \u00e9 necess\u00e1rio preencher a Ficha de Inscri\u00e7\u00e3o e o question\u00e1rio socioecon\u00f4mico, imprimir o boleto e pagar a taxa no valor de R$ 70 (em dinheiro), em qualquer ag\u00eancia banc\u00e1ria.<\/p>\n<p>O Manual do Candidato, que traz todas as datas, normas e orienta\u00e7\u00f5es para o processo seletivo, estar\u00e1 dispon\u00edvel para download gratuito no site\u00a0<a href=\"http:\/\/www.vestibularfatec.com.br\/\">www.vestibularfatec.com.br<\/a>.<\/p>\n<p>Inclus\u00e3o Social<\/p>\n<p>O Sistema de Pontua\u00e7\u00e3o Acrescida concede b\u00f4nus de 3% a estudantes afrodescendentes e de 10% a oriundos da rede p\u00fablica. Caso o aluno esteja nas duas situa\u00e7\u00f5es, recebe 13% de b\u00f4nus.<\/p>\n<p>Para ter direito ao b\u00f4nus, o candidato afrodescendente deve fazer a autodeclara\u00e7\u00e3o no ato da inscri\u00e7\u00e3o.<\/p>\n<p>O candidato tamb\u00e9m deve informar, no momento da inscri\u00e7\u00e3o, se \u00e9 egresso do ensino p\u00fablico. A comprova\u00e7\u00e3o de que cursou integralmente o Ensino M\u00e9dio na rede p\u00fablica (federal, estadual ou municipal) ser\u00e1 exigida no ato da matr\u00edcula por meio da apresenta\u00e7\u00e3o do hist\u00f3rico escolar ou da declara\u00e7\u00e3o escolar, contendo o detalhamento das s\u00e9ries cursadas e o nome da escola.<\/p>\n<p>\u00c9 indispens\u00e1vel que o candidato verifique se realmente tem direito \u00e0 pontua\u00e7\u00e3o acrescida, pois a matr\u00edcula n\u00e3o poder\u00e1 ser realizada e a vaga ser\u00e1 perdida caso as informa\u00e7\u00f5es n\u00e3o atendam \u00e0s condi\u00e7\u00f5es estabelecidas em sua totalidade.<\/p>\n<p>Outras informa\u00e7\u00f5es pelos telefones (11) 3471-4103 (Capital e Grande S\u00e3o Paulo) e 0800-596 9696 (demais localidades) ou pelo site<a href=\"http:\/\/www.vestibularfatec.com.br\/\">www.vestibularfatec.com.br<\/a><\/p>\n<p>Sobre o Centro Paula Souza \u2013 Autarquia do Governo do Estado de S\u00e3o Paulo vinculada \u00e0 Secretaria de Desenvolvimento Econ\u00f4mico, Ci\u00eancia e Tecnologia, o Centro Paula Souza administra Faculdades de Tecnologia (Fatecs) e Escolas T\u00e9cnicas (Etecs) estaduais, al\u00e9m das classes descentralizadas \u2013 unidades que funcionam com um ou mais cursos t\u00e9cnicos em parceria com prefeituras ou empresas, sob a supervis\u00e3o de uma Etec \u2013, em 264 cidades paulistas. As Etecs atendem cerca de 226 mil estudantes, no Ensino M\u00e9dio e no Ensino T\u00e9cnico, para os setores Industrial, Agropecu\u00e1rio e de Servi\u00e7os. Nas Fatecs, mais de 59 mil alunos est\u00e3o matriculados nos cursos de gradua\u00e7\u00e3o tecnol\u00f3gica.<\/p>\n","protected":false},"excerpt":{"rendered":"<p>Vestibular das Fatecs &#8211; as inscri\u00e7\u00f5es para o processo seletivo das Faculdades de Tecnologia (Fatecs) do Estado de S\u00e3o Paulo devem ser feitas exclusivamente pela internet, no site\u00a0www.vestibularfatec.com.br\u00a0, at\u00e9 as 15 horas da pr\u00f3xima segunda-feira, 11 de junho. O exame ser\u00e1 no dia 1\u00ba de julho. O vestibular para o segundo semestre de 2012 oferece [&hellip;]<\/p>\n","protected":false},"author":3,"featured_media":34896,"comment_status":"open","ping_status":"closed","sticky":false,"template":"","format":"standard","meta":{"tdm_status":"","tdm_grid_status":"","footnotes":""},"categories":[22,295],"tags":[],"class_list":{"0":"post-39352","1":"post","2":"type-post","3":"status-publish","4":"format-standard","5":"has-post-thumbnail","7":"category-brasil","8":"category-vestibular"},"_links":{"self":[{"href":"https:\/\/migracao.redenoticia.com.br\/noticia\/wp-json\/wp\/v2\/posts\/39352","targetHints":{"allow":["GET"]}}],"collection":[{"href":"https:\/\/migracao.redenoticia.com.br\/noticia\/wp-json\/wp\/v2\/posts"}],"about":[{"href":"https:\/\/migracao.redenoticia.com.br\/noticia\/wp-json\/wp\/v2\/types\/post"}],"author":[{"embeddable":true,"href":"https:\/\/migracao.redenoticia.com.br\/noticia\/wp-json\/wp\/v2\/users\/3"}],"replies":[{"embeddable":true,"href":"https:\/\/migracao.redenoticia.com.br\/noticia\/wp-json\/wp\/v2\/comments?post=39352"}],"version-history":[{"count":0,"href":"https:\/\/migracao.redenoticia.com.br\/noticia\/wp-json\/wp\/v2\/posts\/39352\/revisions"}],"wp:featuredmedia":[{"embeddable":true,"href":"https:\/\/migracao.redenoticia.com.br\/noticia\/wp-json\/wp\/v2\/media\/34896"}],"wp:attachment":[{"href":"https:\/\/migracao.redenoticia.com.br\/noticia\/wp-json\/wp\/v2\/media?parent=39352"}],"wp:term":[{"taxonomy":"category","embeddable":true,"href":"https:\/\/migracao.redenoticia.com.br\/noticia\/wp-json\/wp\/v2\/categories?post=39352"},{"taxonomy":"post_tag","embeddable":true,"href":"https:\/\/migracao.redenoticia.com.br\/noticia\/wp-json\/wp\/v2\/tags?post=39352"}],"curies":[{"name":"wp","href":"https:\/\/api.w.org\/{rel}","templated":true}]}}