{"id":39355,"date":"2012-06-14T11:30:53","date_gmt":"2012-06-14T14:30:53","guid":{"rendered":"http:\/\/www.redenoticia.com.br\/noticia\/?p=39355"},"modified":"2012-06-14T11:44:39","modified_gmt":"2012-06-14T14:44:39","slug":"boletim-da-greve-dos-professores-federais-06062012","status":"publish","type":"post","link":"https:\/\/migracao.redenoticia.com.br\/noticia\/2012\/boletim-da-greve-dos-professores-federais-06062012\/39355","title":{"rendered":"Boletim da greve dos professores federais &#8211; 14\/06\/2012"},"content":{"rendered":"<p><img loading=\"lazy\" decoding=\"async\" class=\"alignleft size-full wp-image-36246\" title=\"professor a\" src=\"https:\/\/migracao.redenoticia.com.br\/noticia\/imagens\/professor-a.jpg\" alt=\"\" width=\"300\" height=\"193\" srcset=\"https:\/\/migracao.redenoticia.com.br\/noticia\/imagens\/professor-a.jpg 300w, https:\/\/migracao.redenoticia.com.br\/noticia\/imagens\/professor-a-250x161.jpg 250w, https:\/\/migracao.redenoticia.com.br\/noticia\/imagens\/professor-a-150x97.jpg 150w\" sizes=\"auto, (max-width: 300px) 100vw, 300px\" \/>14\/06\/2012 &#8211; <em><strong>\u00a0boletim da greve dos professores federais\u00a0<\/strong><\/em>&#8211; o Minist\u00e9rio do Planejamento se comprometeu a apresentar na pr\u00f3xima ter\u00e7a-feira (19) aos professores das universidades federais uma nova proposta de plano de carreira. A categoria est\u00e1 em greve h\u00e1 quase um m\u00eas. Uma das possibilidades \u00e9 que seja tomada com refer\u00eancia a estrutura de carreira dos servidores do Minist\u00e9rio da Ci\u00eancia, Tecnologia e Inova\u00e7\u00e3o (MCTI), que seria mais vantajosa do ponto de vista da progress\u00e3o.<\/p>\n<p>A proposta j\u00e1 come\u00e7ou a ser discutida durante reuni\u00e3o do comando de greve com o secret\u00e1rio de Rela\u00e7\u00f5es do Trabalho do Minist\u00e9rio do Planejamento, S\u00e9rgio Mendon\u00e7a. Entretanto, segundo o Associa\u00e7\u00e3o Nacional dos Docentes do Ensino Superior (Andes), foi apresentada de maneira muito superficial. O governo chegou a pedir que a categoria fizesse uma \u201ctr\u00e9gua\u201d de 20 dias para que o semestre letivo fosse conclu\u00eddo, o que foi rejeitado pelos grevistas.<\/p>\n<p>De acordo com o Minist\u00e9rio da Educa\u00e7\u00e3o (MEC), a nova proposta de plano de carreira ser\u00e1 baseada em \u201ccrit\u00e9rios de m\u00e9rito acad\u00eamico e valoriza\u00e7\u00e3o da dedica\u00e7\u00e3o ao ensino, \u00e0 pesquisa e \u00e0 extens\u00e3o\u201d. A possibilidade de migra\u00e7\u00e3o dos docentes para a carreira do MCTI j\u00e1 est\u00e1 sendo discutida pelo comando de greve. Mas o movimento informou que vai aguardar a pr\u00f3xima reuni\u00e3o para conhecer a proposta concreta do governo.<\/p>\n<p>\u201cO governo federal espera contar com o compromisso e a compreens\u00e3o dos docentes em greve e assegura que dar\u00e1 continuidade ao processo de moderniza\u00e7\u00e3o e expans\u00e3o das universidades e dos institutos federais, contribuindo, dessa forma, para o desenvolvimento social e para a inclus\u00e3o de mais brasileiros no ensino superior\u201d, diz nota divulgada pelo MEC.<\/p>\n<p>Amanda Cieglinski<br \/>\nRep\u00f3rter da Ag\u00eancia Brasil<br \/>\nEdi\u00e7\u00e3o: A\u00e9cio Amado<\/p>\n<p>&#8212;&#8212;&#8212;&#8212;&#8212;&#8212;<\/p>\n<p>13\/06\/2012 &#8211;\u00a0Depois de recuar na proposta de condicionar o avan\u00e7o das negocia\u00e7\u00f5es a uma tr\u00e9gua do movimento grevista, representantes do governo, em reuni\u00e3o realizada nesta ter\u00e7a-feira (12) com as entidades do setor de educa\u00e7\u00e3o, mudaram de posi\u00e7\u00e3o e passaram a aceitar a antecipa\u00e7\u00e3o do prazo para o fechamento de uma proposta. Em uma reuni\u00e3o que durou mais de tr\u00eas horas, o secret\u00e1rio de Rela\u00e7\u00f5es do Trabalho do Minist\u00e9rio do Planejamento (SRT\/MP), S\u00e9rgio Mendon\u00e7a, acordou com o ANDES-SN e com as demais entidades, que na pr\u00f3xima ter\u00e7a-feira (19) haver\u00e1 nova reuni\u00e3o na qual o governo vai apresentar um esbo\u00e7o de um novo plano de carreira. At\u00e9 l\u00e1, a greve dos docentes continua.<\/p>\n<p>\u201cHoje foi um dia vitorioso para o nosso movimento. N\u00e3o s\u00f3 porque realizamos bel\u00edssimas manifesta\u00e7\u00f5es em todo o pa\u00eds, como fizemos o governo mudar a posi\u00e7\u00e3o de que n\u00e3o receberia categorias em greve. Tamb\u00e9m conseguimos que, pela primeira vez, ele aceitasse antecipar o prazo para finalizar as negocia\u00e7\u00f5es. Se antes o limite era 31 de agosto, agora, h\u00e1 uma sinaliza\u00e7\u00e3o de que o processo esteja conclu\u00eddo no come\u00e7o de julho\u201d, avaliou a presidente do ANDES-SN, Marina Barbosa. Durante as mais de tr\u00eas horas de reuni\u00e3o, um grupo de professores da Universidade de Bras\u00edlia (UnB) e do Comando Nacional de Greve (CNG) ficou em frente ao Minist\u00e9rio do Planejamento, como forma de mostrar que a categoria est\u00e1 mobilizada.<\/p>\n<p>A reuni\u00e3o come\u00e7ou por volta das 18h, com o secret\u00e1rio S\u00e9rgio Mendon\u00e7a afirmando que o governo se dispunha a apresentar uma proposta de re-estrutura\u00e7\u00e3o da carreira docente num prazo de 20 dias, desde que a categoria desse uma tr\u00e9gua e sa\u00edsse da greve. Tamb\u00e9m defenderam o encaminhamento o Secret\u00e1rio de Educa\u00e7\u00e3o Superior do Minist\u00e9rio da Educa\u00e7\u00e3o (Sesu\/MEC), Amaro Lins, e o diretor de Desenvolvimento da Rede Federal de Educa\u00e7\u00e3o Profissional e Tecnol\u00f3gica do MEC (Setec\/MEC), Al\u00e9ssio Barros. Argumentaram que era preciso estabelecer uma rela\u00e7\u00e3o de confian\u00e7a entre o governo e as entidades.<\/p>\n<p>A proposta foi veemente recha\u00e7ada pelas entidades presentes. \u201cEu custo a acreditar no que ouvi. Ontem, na reuni\u00e3o do Comando Nacional de Greve, foi levantada essa possibilidade, mas eu n\u00e3o achei que seria poss\u00edvel. Vim hoje para essa reuni\u00e3o esperando que fosse apresentada uma proposta e que sair\u00edamos daqui para virar a noite estudando o que fosse apresentado \u201d, afirmou a presidente do ANDES-SN, Marina Barbosa.<\/p>\n<p>Ela lembrou que o governo foi avisado in\u00fameras vezes de que a categoria estava insatisfeita. \u201cAgora, n\u00e3o h\u00e1 como negar. Estamos em uma das maiores greve j\u00e1 realizadas no setor, com 55 institui\u00e7\u00f5es paradas, sendo 50 universidades\u201d, afirmou.<\/p>\n<p>Marina argumentou que o governo n\u00e3o podia esperar que a categoria aceitasse dar a tr\u00e9gua, pois h\u00e1 muito tempo que os docentes v\u00eam dando prazos, continuamente descumpridos pelo Minist\u00e9rio do Planejamento.<\/p>\n<p>O 1\u00ba vice-presidente do ANDES-SN, Luiz Henrique Schuch, afirmou que a greve \u00e9 fruto da compreens\u00e3o da categoria de que h\u00e1 uma desvaloriza\u00e7\u00e3o do magist\u00e9rio. \u201cHoje temos uma carreira totalmente desestruturada\u201d, afirmou.<\/p>\n<p>O diretor do Sinasefe, David Lob\u00e3o, criticou o fato de o governo condicionar o avan\u00e7os das negocia\u00e7\u00f5es \u00e0 volta ao trabalho dos grevistas e argumentou que a greve, ao contr\u00e1rio do que diz o governo, pode levar a negocia\u00e7\u00f5es mais r\u00e1pidas, j\u00e1 que a categoria estar\u00e1 em estado de mobiliza\u00e7\u00e3o permanente. Os dirigentes do Proifes lamentaram o fato de o governo ter desmarcado a reuni\u00e3o no dia 28 de maio e informaram que a categoria tem decidido, em plebiscitos, pela greve.<\/p>\n<p>Depois das falas das entidades, os representantes do governo pediram um intervalo e voltaram com a proposta de realiza\u00e7\u00e3o de uma reuni\u00e3o na pr\u00f3xima ter\u00e7a-feira (19), em que ser\u00e1 debatido um esbo\u00e7o de um novo plano de carreira. Disseram, tamb\u00e9m, que a proposta vai partir do que foi discutido na reuni\u00e3o do dia 15 de maio e que poder\u00e1 ser utilizado como par\u00e2metro o plano de carreira do pessoal do Minist\u00e9rio da Ci\u00eancia e Tecnologia (MCT). S\u00e9rgio Mendon\u00e7a n\u00e3o quis se comprometer se o piso e o teto ser\u00e3o o mesmo do servidores do MCT.<\/p>\n<p>Os representantes do governo insistiram que as categorias dessem uma tr\u00e9gua e voltassem ao trabalho. Os dirigentes do ANDES-SN foram enf\u00e1ticos ao afirmar que n\u00e3o havia como a categoria recuar. \u201cS\u00f3 podemos dar qualquer posi\u00e7\u00e3o quando conhecermos a proposta do governo. At\u00e9 porque a nossa carreira tem especificidades que n\u00e3o foram contempladas pelo governo\u201d, adiantou Marina Barbosa.<\/p>\n<p>O 1\u00ba vice-presidente da Regional Nordeste II do ANDES-SN, Josevaldo Cunha, perguntou aos representantes governistas se eles poderiam adiantar o teor da proposta. \u201cQueremos saber se haver\u00e1 uma preocupa\u00e7\u00e3o de se fazer uma discuss\u00e3o da estrutura conceitual, para depois se chegar ao impacto or\u00e7ament\u00e1rio. Ou se o governo colocar\u00e1 um limite financeiro, que \u00e9 conjuntural, a sobrepor a organiza\u00e7\u00e3o do plano de carreira\u201d, questionou. S\u00e9rgio Mendon\u00e7a respondeu, apenas, que a proposta levar\u00e1 em considera\u00e7\u00e3o toda a discuss\u00e3o realizada no GT Carreira.<\/p>\n<p>Para o ANDES-SN, a reuni\u00e3o desta ter\u00e7a-feira marcou o in\u00edcio efetivo das negocia\u00e7\u00f5es. \u201cEntendemos que conclu\u00edmos as discuss\u00f5es do GT. Podemos n\u00e3o ter chegado a um denominador comum, mas agora todas as nossas diverg\u00eancias e pontos convergentes ficaram claros. Vamos, ent\u00e3o, partir para outro patamar de discuss\u00e3o, no qual o governo precisa objetivar suas propostas, que ser\u00e3o analisadas pelo movimento\u201d, afirmou Marina Barbosa.<\/p>\n<p>Fonte: ANDES-SN<\/p>\n<p>&#8212;&#8212;&#8212;&#8212;<\/p>\n<p>12\/06\/2012 &#8211; O governo federal pediu \u201ctr\u00e9gua\u201d de 20 dias aos professores federais que est\u00e3o em greve desde o dia 17 de maio para continuar as negocia\u00e7\u00f5es. Segundo o secret\u00e1rio de Rela\u00e7\u00f5es do Trabalho do Minist\u00e9rio do Planejamento, S\u00e9rgio Mendon\u00e7a, ao final desse per\u00edodo, o governo assume o compromisso de resolver o acordo sobre a reestrutura\u00e7\u00e3o da carreira, principal reivindica\u00e7\u00e3o dos professores.<\/p>\n<p>\u201cQueremos retomar a conversa, propondo que as entidades deem uma tr\u00e9gua na greve. Pedimos um prazo de 20 dias para fechar o semestre com tranquilidade e n\u00f3s oferecemos nosso compromisso de chegar a um acordo sobre a quest\u00e3o da carreira\u201d, disse, na abertura da reuni\u00e3o.<\/p>\n<p>A greve j\u00e1 atinge 55 institui\u00e7\u00f5es federais de ensino em todo o pa\u00eds. Tamb\u00e9m em busca da reestrutura\u00e7\u00e3o de carreira, os servidores vinculados ao Sindicato Nacional dos Servidores Federais da Educa\u00e7\u00e3o B\u00e1sica, Profissional e Tecnol\u00f3gica (Sinasefe) anunciaram greve geral a partir de amanh\u00e3 (13), entre docentes e t\u00e9cnicos. A paralisa\u00e7\u00e3o deve atingir 40 mil servidores.<\/p>\n<p>Mendon\u00e7a disse ainda que essa \u00e9 uma \u201coportunidade \u00edmpar\u201d de avan\u00e7ar no acordo para valoriza\u00e7\u00e3o de carreira dos docentes, que vem sendo discutido desde 2010. &#8220;S\u00e3o 20 dias para resolver uma conversa de muito tempo. Vamos avaliar o que vai ser poss\u00edvel construir&#8221;, garantiu.<\/p>\n<p>A proposta desanimou os representantes dos professores. A presidente da Associa\u00e7\u00e3o Nacional dos Docentes do Ensino Superior (Andes), Marina Barbosa, classificou como \u201cdesfa\u00e7atez\u201d a alternativa dada pelo governo. \u201cEle [o secret\u00e1rio de Rela\u00e7\u00f5es do Trabalho] teve a desfa\u00e7atez de dizer que nos poder\u00edamos, ent\u00e3o, ter a chance de terminar o semestre\u201d.<\/p>\n<p>Para ela, n\u00e3o h\u00e1 motivos para acreditar em boa vontade do governo para negociar. \u201cEle [S\u00e9rgio Mendon\u00e7a] n\u00e3o pode dizer que \u00e9 uma greve ileg\u00edtima ou precipitada. A gente j\u00e1 tinha dado tr\u00e9gua porque est\u00e1 desde agosto de 2010 dando tr\u00e9gua pro governo. Por que agora temos que acreditar que, ao suspender o movimento, vamos ter uma proposta apresent\u00e1vel?\u201d, indagou.<\/p>\n<p>Os professores reivindicam a reestrutura\u00e7\u00e3o das carreiras dos docentes e protestam contra a falta de infraestrutura nas institui\u00e7\u00f5es. Segundo Marina, a categoria cobra que o governo federal &#8220;assuma sua responsabilidade na educa\u00e7\u00e3o&#8221;.<\/p>\n<p>\u201cVivemos uma situa\u00e7\u00e3o tr\u00e1gica. Na nossa \u00faltima conversa [15 de maio], o governo apresentou as mesmas propostas apresentadas em dezembro de 2010. Isso demonstra falta de negocia\u00e7\u00e3o. Esperamos uma proposta concreta\u201d, disse. Uma nova reuni\u00e3o foi marcada para a proxima trer\u00e7a-feira (19).<\/p>\n<p>Luciene Cruz<br \/>\nRep\u00f3rter da Ag\u00eancia Brasil<br \/>\nEdi\u00e7\u00e3o: Lana Cristina<\/p>\n<p>&#8212;&#8212;&#8212;&#8212;-<\/p>\n<p>05\/06\/2012<strong><em>\u00a0&#8211;\u00a0<\/em><\/strong>O ministro da Educa\u00e7\u00e3o, Aloizio Mercadante, reafirmou nesta ter\u00e7a-feira, 5, a posi\u00e7\u00e3o de que a greve dos docentes das institui\u00e7\u00f5es federais de ensino superior \u00e9 precipitada. A negocia\u00e7\u00e3o, que ocorre para vigorar a partir de 2013, ainda est\u00e1 aberta e tem prazo at\u00e9 agosto para ser realizada.<\/p>\n<p>\u201cA carreira dos docentes, antes mesmo da greve, j\u00e1 era uma prioridade do governo federal. H\u00e1 compromisso do governo para melhorar a carreira docente\u201d, disse. Ele ainda explicou que at\u00e9 o final de julho o Minist\u00e9rio do Planejamento, Or\u00e7amento e Gest\u00e3o (MPOG) deve apresentar alguma proposta com rela\u00e7\u00e3o \u00e0 carreira dos docentes.<\/p>\n<p>O ministro ainda esclareceu que a quantidade de professores que recebem o piso salarial \u00e9 muito pequena. Ele tamb\u00e9m explicou que a maioria dos professores j\u00e1 ingressa na carreira com t\u00edtulos de mestrado e doutorado, o que permite sal\u00e1rios acima do piso. \u201cHoje temos 70 mil docentes em universidades federais. Deste total, cerca de 400 recebem o piso salarial\u201d, disse.<\/p>\n<p>Atualmente, o piso salarial de um docente universit\u00e1rio, com 40 horas de dedica\u00e7\u00e3o exclusiva, \u00e9 de R$ 2.872,85. Nesta condi\u00e7\u00e3o encontram-se apenas 221 servidores. Outros 180 professores que possuem carga hor\u00e1ria de 20 horas semanais recebem R$ 1.597,92.<\/p>\n<p>MEC &#8211; Assessoria de Comunica\u00e7\u00e3o Social<\/p>\n<p>&#8212;&#8212;<\/p>\n<p>05\/06\/2012 &#8211; Ap\u00f3s 20 dias de greve, MEC chama professores federais para reuni\u00e3o<\/p>\n<p>Diretores do ANDES-SN e representantes do Comando Nacional de Greve dos professores federais foram recebidos nesta ter\u00e7a-feira (5) pelo Ministro da Educa\u00e7\u00e3o, Aloizio Mercadante, durante a manifesta\u00e7\u00e3o dos servidores p\u00fablicos federais na Esplanda, que reuniu mais de 15 mil servidores.<\/p>\n<p>Esta foi a primeira reuni\u00e3o do Comando Nacional de Greve com representantes do governo desde que a paralisa\u00e7\u00e3o foi iniciada h\u00e1 20 dias.<\/p>\n<p>Mercadante informou aos docentes que o processo de negocia\u00e7\u00e3o seguir\u00e1 e que o Minist\u00e9rio do Planejamento deve voltar a se reunir com as categorias na pr\u00f3xima semana. No entanto, o Ministro ressaltou a quest\u00e3o do prazo de 31 de julho e disse que \u00e9 necess\u00e1rio aguardar o desdobramento da crise financeira internacional para avaliar o impacto que ter\u00e1 na economia do pa\u00eds.<\/p>\n<p>O ANDES-SN destacou que o tempo \u00e9 uma quest\u00e3o pol\u00edtica e que, agora, com o argumento do impacto no or\u00e7amento o governo est\u00e1 deturpando o m\u00e9todo negociado e invertendo a l\u00f3gica do que foi firmado no acordo emergencial de 2011, que prev\u00ea discutir primeiro a estrutura da carreira docente e depois o quanto a reestrutura\u00e7\u00e3o ir\u00e1 custar e em quanto tempo ela ser\u00e1 implementada.<\/p>\n<p>\u201cA greve \u00e9 forte e o chamado do Ministro para a reuni\u00e3o reafirma isso. J\u00e1 s\u00e3o 51 institui\u00e7\u00f5es paradas. N\u00f3s queremos a reestrutura\u00e7\u00e3o da carreira, para uma mais simples, que valorize o trabalho docente e permita oferecermos ensino de qualidade. Para isso precisamos tamb\u00e9m de condi\u00e7\u00f5es de trabalho, de salas de aula, laborat\u00f3rios, bibliotecas\u201d, disse Marina Barbosa, presidente do ANDES-SN, em entrevista ap\u00f3s a reuni\u00e3o.<\/p>\n<p>Ela ressaltou que a precariedade que vimos hoje \u00e9 consequ\u00eancia de uma pol\u00edtica de expans\u00e3o desordenada e sem qualidade via Reuni, por isso o movimento quer tamb\u00e9m discutir os prazos e os crit\u00e9rios de distribui\u00e7\u00e3o entre as Ifes, dos novos cargos criados.<\/p>\n<p>Marina destacou tamb\u00e9m que o movimento compreende os problemas apontados pelo ministro, mas que eles n\u00e3o podem servir mais uma vez de desculpas para que as negocia\u00e7\u00f5es n\u00e3o avancem.<\/p>\n<p>\u201cNa nossa opini\u00e3o, o acordo emergencial n\u00e3o foi cumprido e o prazo nele estipulado j\u00e1 venceu [31 de mar\u00e7o]. Na \u00faltima reuni\u00e3o antes da greve, em 15 de maio, o governo nos apresentou a mesma proposta de dezembro de 2010. Ou seja, as negocia\u00e7\u00f5es n\u00e3o avan\u00e7am\u201d, finalizou.<\/p>\n<p>Fonte: ANDES-SN<\/p>\n<p>&#8212;&#8212;<\/p>\n<p>05\/06\/2012 &#8211; Funcionalismo federal decide por greve geral a partir de 11 de junho<\/p>\n<p>Em plen\u00e1ria ampliada realizada na Esplanada dos Minist\u00e9rios na tarde desta ter\u00e7a-feira (5), mais de 800 representantes das 31 entidades que comp\u00f5em o F\u00f3rum Nacional das Entidades dos Servidores P\u00fablicos Federais (SPF) votaram pela greve geral no funcionalismo a partir de 11 de junho.<\/p>\n<p>A reuni\u00e3o aconteceu ap\u00f3s a Marcha unificada dos SPF, que reuniu mais de 15 mil trabalhadores nesta manh\u00e3 em Bras\u00edlia. Os professores federais, em greve desde 17 de maio, participaram da manifesta\u00e7\u00e3o com caravanas de v\u00e1rios estados. O dia 11 de junho foi apontado como indicativo para o in\u00edcio da greve geral por tempo indeterminado dos SPF.<\/p>\n<p>No setor da educa\u00e7\u00e3o, a base da Federa\u00e7\u00e3o de Sindicatos de Trabalhadores das Universidades Brasileiras (Fasubra Sindical) paralisa as atividades na segunda (11) e do Sindicato Nacional dos Servidores Federais da Educa\u00e7\u00e3o B\u00e1sica, Profissional e Tecnol\u00f3gica (Sinasefe) na quarta (13). Outra categoria que j\u00e1 deliberou pela deflagra\u00e7\u00e3o da greve a partir do dia 13 foi a dos trabalhadores do judici\u00e1rio federal e do minist\u00e9rio p\u00fablico da uni\u00e3o, organizados na Fenajufe.<br \/>\nJ\u00e1 a base da Confedera\u00e7\u00e3o Nacional dos Servidores Federais (Condsef) paralisa as atividades no dia 18.<\/p>\n<p>Para Paulo Barela, coordenador da CSP-Conlutas (Central Sindical e Popular) que integra o F\u00f3rum, a quantidade de participantes tanto da marcha quanto da plen\u00e1ria \u00e9 emblem\u00e1tica para o conjunto dos servidores.<\/p>\n<p>\u201cDepois de quase uma d\u00e9cada, os servidores retomam a compreens\u00e3o de que \u00e9 tamb\u00e9m tarefa do funcionalismo p\u00fablico lutar em defesa da qualidade do servi\u00e7o p\u00fablico oferecido \u00e0 popula\u00e7\u00e3o. A unidade que vem sendo constru\u00edda, e que ficou expressa hoje, aponta para a perspectiva de construirmos uma greve in\u00e9dita dos servidores federais\u201d, disse Barela.<\/p>\n<p>O representante da CSP-Conlutas destacou que a greve j\u00e1 est\u00e1 aprovada e agora as entidades discutir\u00e3o com suas bases o processo de deflagra\u00e7\u00e3o. \u201cA indigna\u00e7\u00e3o dos servidores \u00e9 muito grande e os trabalhadores est\u00e3o votando pela greve para for\u00e7ar o governo a abrir negocia\u00e7\u00f5es efetivas com a categoria\u201d, disse. Ele lembra que desde o in\u00edcio do ano, o F\u00f3rum se reuniu oito vezes com os representantes do Minist\u00e9rio do Planejamento sem registrar nenhum avan\u00e7o.<\/p>\n<p>Para a presidente do ANDES-SN, Marina Barbosa, a deflagra\u00e7\u00e3o da greve geral dos servidores soma for\u00e7as \u00e0 paralisa\u00e7\u00e3o dos docentes. \u201cA nossa greve cumpre um papel importante ao demonstrar, com muita humildade, que \u00e9 poss\u00edvel lutar. Em segundo, na medida em que mais categorias entram em greve, fortalecem as lutas j\u00e1 em curso\u201d, avaliou.<\/p>\n<p>Segundo ela, a greve dos professores n\u00e3o se dilui na do funcionalismo federal, mas sim soma esfor\u00e7os para a constru\u00e7\u00e3o de um grande movimento em defesa do servi\u00e7o p\u00fablico<\/p>\n<p>Fonte: ANDES-SN<\/p>\n","protected":false},"excerpt":{"rendered":"<p>14\/06\/2012 &#8211; \u00a0boletim da greve dos professores federais\u00a0&#8211; o Minist\u00e9rio do Planejamento se comprometeu a apresentar na pr\u00f3xima ter\u00e7a-feira (19) aos professores das universidades federais uma nova proposta de plano de carreira. A categoria est\u00e1 em greve h\u00e1 quase um m\u00eas. Uma das possibilidades \u00e9 que seja tomada com refer\u00eancia a estrutura de carreira dos [&hellip;]<\/p>\n","protected":false},"author":3,"featured_media":36246,"comment_status":"open","ping_status":"closed","sticky":false,"template":"","format":"standard","meta":{"tdm_status":"","tdm_grid_status":"","footnotes":""},"categories":[22],"tags":[],"class_list":{"0":"post-39355","1":"post","2":"type-post","3":"status-publish","4":"format-standard","5":"has-post-thumbnail","7":"category-brasil"},"_links":{"self":[{"href":"https:\/\/migracao.redenoticia.com.br\/noticia\/wp-json\/wp\/v2\/posts\/39355","targetHints":{"allow":["GET"]}}],"collection":[{"href":"https:\/\/migracao.redenoticia.com.br\/noticia\/wp-json\/wp\/v2\/posts"}],"about":[{"href":"https:\/\/migracao.redenoticia.com.br\/noticia\/wp-json\/wp\/v2\/types\/post"}],"author":[{"embeddable":true,"href":"https:\/\/migracao.redenoticia.com.br\/noticia\/wp-json\/wp\/v2\/users\/3"}],"replies":[{"embeddable":true,"href":"https:\/\/migracao.redenoticia.com.br\/noticia\/wp-json\/wp\/v2\/comments?post=39355"}],"version-history":[{"count":0,"href":"https:\/\/migracao.redenoticia.com.br\/noticia\/wp-json\/wp\/v2\/posts\/39355\/revisions"}],"wp:featuredmedia":[{"embeddable":true,"href":"https:\/\/migracao.redenoticia.com.br\/noticia\/wp-json\/wp\/v2\/media\/36246"}],"wp:attachment":[{"href":"https:\/\/migracao.redenoticia.com.br\/noticia\/wp-json\/wp\/v2\/media?parent=39355"}],"wp:term":[{"taxonomy":"category","embeddable":true,"href":"https:\/\/migracao.redenoticia.com.br\/noticia\/wp-json\/wp\/v2\/categories?post=39355"},{"taxonomy":"post_tag","embeddable":true,"href":"https:\/\/migracao.redenoticia.com.br\/noticia\/wp-json\/wp\/v2\/tags?post=39355"}],"curies":[{"name":"wp","href":"https:\/\/api.w.org\/{rel}","templated":true}]}}