{"id":39394,"date":"2012-06-11T18:11:55","date_gmt":"2012-06-11T21:11:55","guid":{"rendered":"http:\/\/www.redenoticia.com.br\/noticia\/?p=39394"},"modified":"2012-06-14T14:14:26","modified_gmt":"2012-06-14T17:14:26","slug":"sisu-oferta-de-vagas-para-o-segundo-semestre-2012","status":"publish","type":"post","link":"https:\/\/migracao.redenoticia.com.br\/noticia\/2012\/sisu-oferta-de-vagas-para-o-segundo-semestre-2012\/39394","title":{"rendered":"Sisu &#8211; oferta de vagas para o segundo semestre 2012"},"content":{"rendered":"<p><img loading=\"lazy\" decoding=\"async\" class=\"alignleft size-full wp-image-22752\" title=\"sisu enem mec\" src=\"https:\/\/migracao.redenoticia.com.br\/noticia\/imagens\/sisu-enem-mec.jpg\" alt=\"\" width=\"300\" height=\"193\" srcset=\"https:\/\/migracao.redenoticia.com.br\/noticia\/imagens\/sisu-enem-mec.jpg 300w, https:\/\/migracao.redenoticia.com.br\/noticia\/imagens\/sisu-enem-mec-250x161.jpg 250w, https:\/\/migracao.redenoticia.com.br\/noticia\/imagens\/sisu-enem-mec-150x97.jpg 150w\" sizes=\"auto, (max-width: 300px) 100vw, 300px\" \/>Os candidatos a um lugar na educa\u00e7\u00e3o superior p\u00fablica podem conferir at\u00e9 sexta-feira, 22, a oferta de <em><strong>vagas<\/strong><\/em> no Sistema de Sele\u00e7\u00e3o Unificada (<em><strong>Sisu<\/strong><\/em>) do Minist\u00e9rio da Educa\u00e7\u00e3o para este segundo semestre. As inscri\u00e7\u00f5es ser\u00e3o abertas no dia 18 pr\u00f3ximo. O Sisu \u00e9 o ambiente virtual criado pelo MEC para selecionar estudantes em institui\u00e7\u00f5es p\u00fablicas com base nas notas obtidas no Exame Nacional do Ensino M\u00e9dio (Enem).<\/p>\n<p>Os estudantes podem se candidatar a at\u00e9 duas op\u00e7\u00f5es de curso dentre 30.548 vagas oferecidas por 56 institui\u00e7\u00f5es de ensino superior. A pol\u00edticas afirmativas est\u00e3o reservadas 8.688 vagas.<\/p>\n<p>A partir do dia 18, ao longo do per\u00edodo de inscri\u00e7\u00f5es, a classifica\u00e7\u00e3o parcial e a nota de corte dos candidatos ser\u00e3o divulgadas diariamente no portal do Sisu para consulta a qualquer hora do dia. No pr\u00f3prio sistema, o estudante pode tirar d\u00favidas sobre notas de corte, datas das chamadas, per\u00edodo de matr\u00edculas nas institui\u00e7\u00f5es, resultados e lista de espera.<\/p>\n<p>O sistema ainda permite ao estudante localizar cursos e vagas por meio de pesquisa com a indica\u00e7\u00e3o do munic\u00edpio, da unidade da Federa\u00e7\u00e3o e da institui\u00e7\u00e3o de ensino. \u00c9 poss\u00edvel ainda saber em quais institui\u00e7\u00f5es est\u00e3o as vagas pretendidas.<\/p>\n<p><strong>Cronograma\u00a0<\/strong>\u2014 No dia 25 pr\u00f3ximo ser\u00e1 divulgado o resultado final. A matr\u00edcula dos estudantes selecionados em primeira chamada deve ser feita entre o dia 29 pr\u00f3ximo e 2 de julho. Os selecionados para a segunda op\u00e7\u00e3o ou que n\u00e3o atingirem a nota m\u00ednima em nenhum dos dois cursos escolhidos podem permanecer no sistema e ser convocado na chamada seguinte, a partir de 6 de julho. Quem n\u00e3o for selecionado em nenhuma das chamadas pode pedir inclus\u00e3o em lista de espera.<\/p>\n<p>O candidato aprovado na primeira op\u00e7\u00e3o de curso ser\u00e1 automaticamente retirado do sistema. Caso n\u00e3o fa\u00e7a a matr\u00edcula na institui\u00e7\u00e3o para a qual foi selecionado, perde a vaga.<\/p>\n<p>O\u00a0<a href=\"http:\/\/portal.mec.gov.br\/index.php?option=com_docman&amp;task=doc_download&amp;gid=10936&amp;Itemid=\" target=\"_blank\">Edital n\u00ba 7<\/a>, de 8 de junho de 2012, que define o processo de sele\u00e7\u00e3o unificada para o segundo semestre deste ano foi publicado no Di\u00e1rio Oficial da Uni\u00e3o desta segunda-feira, 11, se\u00e7\u00e3o 3, p\u00e1gina 44.<\/p>\n<p>Os candidatos devem conferir a oferta de vagas na\u00a0<a href=\"http:\/\/sisu.mec.gov.br\/\" target=\"_blank\">p\u00e1gina do Sisu<\/a>\u00a0na internet.<\/p>\n<p><em>Assessoria de Comunica\u00e7\u00e3o Social<\/em><\/p>\n","protected":false},"excerpt":{"rendered":"<p>Os candidatos a um lugar na educa\u00e7\u00e3o superior p\u00fablica podem conferir at\u00e9 sexta-feira, 22, a oferta de vagas no Sistema de Sele\u00e7\u00e3o Unificada (Sisu) do Minist\u00e9rio da Educa\u00e7\u00e3o para este segundo semestre. As inscri\u00e7\u00f5es ser\u00e3o abertas no dia 18 pr\u00f3ximo. O Sisu \u00e9 o ambiente virtual criado pelo MEC para selecionar estudantes em institui\u00e7\u00f5es p\u00fablicas [&hellip;]<\/p>\n","protected":false},"author":3,"featured_media":22752,"comment_status":"open","ping_status":"closed","sticky":false,"template":"","format":"standard","meta":{"tdm_status":"","tdm_grid_status":"","footnotes":""},"categories":[22,370,295],"tags":[],"class_list":{"0":"post-39394","1":"post","2":"type-post","3":"status-publish","4":"format-standard","5":"has-post-thumbnail","7":"category-brasil","8":"category-inscricao","9":"category-vestibular"},"_links":{"self":[{"href":"https:\/\/migracao.redenoticia.com.br\/noticia\/wp-json\/wp\/v2\/posts\/39394","targetHints":{"allow":["GET"]}}],"collection":[{"href":"https:\/\/migracao.redenoticia.com.br\/noticia\/wp-json\/wp\/v2\/posts"}],"about":[{"href":"https:\/\/migracao.redenoticia.com.br\/noticia\/wp-json\/wp\/v2\/types\/post"}],"author":[{"embeddable":true,"href":"https:\/\/migracao.redenoticia.com.br\/noticia\/wp-json\/wp\/v2\/users\/3"}],"replies":[{"embeddable":true,"href":"https:\/\/migracao.redenoticia.com.br\/noticia\/wp-json\/wp\/v2\/comments?post=39394"}],"version-history":[{"count":0,"href":"https:\/\/migracao.redenoticia.com.br\/noticia\/wp-json\/wp\/v2\/posts\/39394\/revisions"}],"wp:featuredmedia":[{"embeddable":true,"href":"https:\/\/migracao.redenoticia.com.br\/noticia\/wp-json\/wp\/v2\/media\/22752"}],"wp:attachment":[{"href":"https:\/\/migracao.redenoticia.com.br\/noticia\/wp-json\/wp\/v2\/media?parent=39394"}],"wp:term":[{"taxonomy":"category","embeddable":true,"href":"https:\/\/migracao.redenoticia.com.br\/noticia\/wp-json\/wp\/v2\/categories?post=39394"},{"taxonomy":"post_tag","embeddable":true,"href":"https:\/\/migracao.redenoticia.com.br\/noticia\/wp-json\/wp\/v2\/tags?post=39394"}],"curies":[{"name":"wp","href":"https:\/\/api.w.org\/{rel}","templated":true}]}}