{"id":39439,"date":"2012-06-14T10:25:20","date_gmt":"2012-06-14T13:25:20","guid":{"rendered":"http:\/\/www.redenoticia.com.br\/noticia\/?p=39439"},"modified":"2012-06-14T14:28:21","modified_gmt":"2012-06-14T17:28:21","slug":"estudo-da-unicamp-16-capitais-possuem-agua-potavel-contaminada","status":"publish","type":"post","link":"https:\/\/migracao.redenoticia.com.br\/noticia\/2012\/estudo-da-unicamp-16-capitais-possuem-agua-potavel-contaminada\/39439","title":{"rendered":"Estudo da Unicamp: 16 capitais possuem \u00e1gua pot\u00e1vel contaminada"},"content":{"rendered":"<p><img loading=\"lazy\" decoding=\"async\" class=\"alignleft size-full wp-image-37419\" title=\"computador tecnologia\" src=\"https:\/\/migracao.redenoticia.com.br\/noticia\/imagens\/computador-tecnologia.jpg\" alt=\"\" width=\"300\" height=\"193\" srcset=\"https:\/\/migracao.redenoticia.com.br\/noticia\/imagens\/computador-tecnologia.jpg 300w, https:\/\/migracao.redenoticia.com.br\/noticia\/imagens\/computador-tecnologia-250x161.jpg 250w, https:\/\/migracao.redenoticia.com.br\/noticia\/imagens\/computador-tecnologia-150x97.jpg 150w\" sizes=\"auto, (max-width: 300px) 100vw, 300px\" \/>S\u00e3o Paulo \u2013 Pesquisa desenvolvida pelo Instituto Nacional de Ci\u00eancias e Tecnologias Anal\u00edticas Avan\u00e7adas (Inctaa), sediado no Instituto de Qu\u00edmica na Universidade Estadual de Campinas (<em><strong>Unicamp<\/strong><\/em>), mostra que a <em><strong>\u00e1gua pot\u00e1vel<\/strong><\/em> fornecida em 16 capitais brasileiras, onde vivem aproximadamente 40 milh\u00f5es de pessoas, apresenta contamina\u00e7\u00e3o por subst\u00e2ncias que podem ser nocivas \u00e0 sa\u00fade humana.<\/p>\n<p>Os pesquisadores identificaram, por exemplo, concentra\u00e7\u00f5es variadas de cafe\u00edna, atrazina (herbicida), fenolftale\u00edna (laxante) e triclosan (subst\u00e2ncia presente em produtos de higiene pessoal). No entanto, as subst\u00e2ncias encontradas n\u00e3o figuram na lista de compostos que devem ser monitorados pelas concession\u00e1rias de \u00e1gua, antes de distribu\u00ed-la como pot\u00e1vel.<\/p>\n<p>\u201cJ\u00e1 dispomos de estudos cient\u00edficos que apontam que esses compostos t\u00eam causado s\u00e9rios danos aos organismos aqu\u00e1ticos. Est\u00e1 comprovado, por exemplo, que eles podem provocar a feminiza\u00e7\u00e3o de peixes, altera\u00e7\u00e3o de desenvolvimento de moluscos e anf\u00edbios e decr\u00e9scimo de fertilidade de aves\u201d, diz Wilson Figueredo Jardim, professor titular do Instituto de Qu\u00edmica da Unicamp, coordenador da \u00e1rea de contaminantes emergentes do Inctaa.<\/p>\n<p>De acordo com o professor, h\u00e1 ind\u00edcios de que os contaminantes n\u00e3o legislados, especialmente horm\u00f4nios naturais e sint\u00e9ticos, como o estr\u00f3geno, que podem provocar mudan\u00e7as no sistema end\u00f3crino de homens e mulheres.<\/p>\n<p>A an\u00e1lise da \u00e1gua pot\u00e1vel feita pelas concession\u00e1rios distribuidoras \u00e9 executada baseado na portaria do Minist\u00e9rio da Sa\u00fade (MS) n\u00famero 2.914, de dezembro de 2011, que determina quais subst\u00e2ncias devem ser monitoradas. A portaria sofre frequentes altera\u00e7\u00f5es, em decorr\u00eancia dos novos compostos que s\u00e3o encontrados nos mananciais, mas, segundo o professor, as mudan\u00e7as n\u00e3o s\u00e3o feitas na velocidade ideal.<\/p>\n<p>\u201cA parte legal caminha sempre com uma certa defasagem. Alguns compostos n\u00e3o legislados [que n\u00e3o est\u00e3o inclu\u00eddos na portaria do MS] come\u00e7am a aparecer na \u00e1gua de abastecimento e t\u00eam trazido uma certa preocupa\u00e7\u00e3o porque h\u00e1 evid\u00eancias claras da a\u00e7\u00e3o deles nas comunidade aqu\u00e1ticas\u201d, destaca Jardim.<\/p>\n<p>\u201cN\u00f3s n\u00e3o temos nada pesquisado sobre a exposi\u00e7\u00e3o humana a esses compostos, porque \u00e9 uma exposi\u00e7\u00e3o cr\u00f4nica e basicamente leva anos para se ter alguma evid\u00eancia. A gente ent\u00e3o tem de esperar muito tempo\u201d.<\/p>\n<p>A pesquisa da Inctaa contou com a participa\u00e7\u00e3o de 25 pesquisadores da Unicamp, Universidade de Bras\u00edlia (UnB), Universidade Federal de Pernambuco (UFPE), Universidade Federal da Para\u00edba (UFPB), Universidade Estadual do Norte Fluminense (UENF) e Universidade Federal do Paran\u00e1 (UFPR).<\/p>\n<p>O Minist\u00e9rio da Sa\u00fade foi procurado, mas at\u00e9 o fechamento da mat\u00e9ria n\u00e3o havia respondido.<\/p>\n<p>13\/06\/2012 &#8211; 20h17<br \/>\nBruno Bocchini<br \/>\nRep\u00f3rter da Ag\u00eancia Brasil<br \/>\nEdi\u00e7\u00e3o: F\u00e1bio Massalli<\/p>\n","protected":false},"excerpt":{"rendered":"<p>S\u00e3o Paulo \u2013 Pesquisa desenvolvida pelo Instituto Nacional de Ci\u00eancias e Tecnologias Anal\u00edticas Avan\u00e7adas (Inctaa), sediado no Instituto de Qu\u00edmica na Universidade Estadual de Campinas (Unicamp), mostra que a \u00e1gua pot\u00e1vel fornecida em 16 capitais brasileiras, onde vivem aproximadamente 40 milh\u00f5es de pessoas, apresenta contamina\u00e7\u00e3o por subst\u00e2ncias que podem ser nocivas \u00e0 sa\u00fade humana. Os [&hellip;]<\/p>\n","protected":false},"author":3,"featured_media":37419,"comment_status":"open","ping_status":"closed","sticky":false,"template":"","format":"standard","meta":{"tdm_status":"","tdm_grid_status":"","footnotes":""},"categories":[22],"tags":[],"class_list":{"0":"post-39439","1":"post","2":"type-post","3":"status-publish","4":"format-standard","5":"has-post-thumbnail","7":"category-brasil"},"_links":{"self":[{"href":"https:\/\/migracao.redenoticia.com.br\/noticia\/wp-json\/wp\/v2\/posts\/39439","targetHints":{"allow":["GET"]}}],"collection":[{"href":"https:\/\/migracao.redenoticia.com.br\/noticia\/wp-json\/wp\/v2\/posts"}],"about":[{"href":"https:\/\/migracao.redenoticia.com.br\/noticia\/wp-json\/wp\/v2\/types\/post"}],"author":[{"embeddable":true,"href":"https:\/\/migracao.redenoticia.com.br\/noticia\/wp-json\/wp\/v2\/users\/3"}],"replies":[{"embeddable":true,"href":"https:\/\/migracao.redenoticia.com.br\/noticia\/wp-json\/wp\/v2\/comments?post=39439"}],"version-history":[{"count":0,"href":"https:\/\/migracao.redenoticia.com.br\/noticia\/wp-json\/wp\/v2\/posts\/39439\/revisions"}],"wp:featuredmedia":[{"embeddable":true,"href":"https:\/\/migracao.redenoticia.com.br\/noticia\/wp-json\/wp\/v2\/media\/37419"}],"wp:attachment":[{"href":"https:\/\/migracao.redenoticia.com.br\/noticia\/wp-json\/wp\/v2\/media?parent=39439"}],"wp:term":[{"taxonomy":"category","embeddable":true,"href":"https:\/\/migracao.redenoticia.com.br\/noticia\/wp-json\/wp\/v2\/categories?post=39439"},{"taxonomy":"post_tag","embeddable":true,"href":"https:\/\/migracao.redenoticia.com.br\/noticia\/wp-json\/wp\/v2\/tags?post=39439"}],"curies":[{"name":"wp","href":"https:\/\/api.w.org\/{rel}","templated":true}]}}