{"id":39447,"date":"2012-06-15T14:51:51","date_gmt":"2012-06-15T17:51:51","guid":{"rendered":"http:\/\/www.redenoticia.com.br\/noticia\/?p=39447"},"modified":"2012-06-15T14:51:51","modified_gmt":"2012-06-15T17:51:51","slug":"unesp-lanca-portal-de-materiais-didaticos","status":"publish","type":"post","link":"https:\/\/migracao.redenoticia.com.br\/noticia\/2012\/unesp-lanca-portal-de-materiais-didaticos\/39447","title":{"rendered":"Unesp lan\u00e7a portal de materiais did\u00e1ticos"},"content":{"rendered":"<p><img loading=\"lazy\" decoding=\"async\" class=\"alignleft size-full wp-image-37419\" title=\"computador tecnologia\" src=\"https:\/\/migracao.redenoticia.com.br\/noticia\/imagens\/computador-tecnologia.jpg\" alt=\"\" width=\"300\" height=\"193\" srcset=\"https:\/\/migracao.redenoticia.com.br\/noticia\/imagens\/computador-tecnologia.jpg 300w, https:\/\/migracao.redenoticia.com.br\/noticia\/imagens\/computador-tecnologia-250x161.jpg 250w, https:\/\/migracao.redenoticia.com.br\/noticia\/imagens\/computador-tecnologia-150x97.jpg 150w\" sizes=\"auto, (max-width: 300px) 100vw, 300px\" \/>Ag\u00eancia FAPESP \u2013 A Universidade Estadual Paulista lan\u00e7ou no dia 14 de junho o Projeto <em><strong>Unesp<\/strong><\/em> Aberta, que disponibiliza pela internet disciplinas livres como oportunidade de aperfei\u00e7oamento de professores nas \u00e1reas de Humanas, Exatas e Biol\u00f3gicas.<\/p>\n<p>A iniciativa oferece gratuitamente materiais did\u00e1ticos digitais dos cursos de gradua\u00e7\u00e3o, p\u00f3s-gradua\u00e7\u00e3o e extens\u00e3o da Unesp elaborados em parceria com o N\u00facleo de Educa\u00e7\u00e3o a Dist\u00e2ncia (NEaD) da universidade.<\/p>\n<p>Entre os materiais dispon\u00edveis na Unesp Aberta est\u00e3o mais de 17 mil itens educacionais, como mapas, imagens, softwares e anima\u00e7\u00f5es, 300 videoaulas, 300 textos e 138 livros digitais do selo Cultura Acad\u00eamica, al\u00e9m do acervo da Biblioteca Digital \u2013 que re\u00fane material pertencente ao sistema de bibliotecas da Unesp e de seus centros de documenta\u00e7\u00e3o.<\/p>\n<p>O acervo contempla ainda o material dos cursos da Universidade Virtual do Estado de S\u00e3o Paulo (Univesp) e da Universidade Aberta do Brasil (UAB) e de cursos presenciais da Unesp que tamb\u00e9m utilizam as tecnologias digitais.<\/p>\n<p>As disciplinas livres disponibilizadas integram a Rede S\u00e3o Paulo de Forma\u00e7\u00e3o Docente (RedeFor), conv\u00eanio da Secretaria de Educa\u00e7\u00e3o do Estado de S\u00e3o Paulo com Unesp, Universidade de S\u00e3o Paulo e Universidade Estadual de Campinas para dar cursos de p\u00f3s-gradua\u00e7\u00e3o a professores da rede p\u00fablica do Estado.<\/p>\n<p>O projeto da Unesp prev\u00ea as inclus\u00f5es de vers\u00f5es em ingl\u00eas e espanhol, bem como a incorpora\u00e7\u00e3o de recursos de acessibilidade, como Libras e audiodescri\u00e7\u00e3o. O acesso ao material n\u00e3o d\u00e1 direito a qualquer tipo de certifica\u00e7\u00e3o de conclus\u00e3o ou apoio educacional.<\/p>\n<p>O lan\u00e7amento do projeto tamb\u00e9m marcou a inaugura\u00e7\u00e3o do audit\u00f3rio do NEaD, que conta com 150 lugares, al\u00e9m de uma sala de reuni\u00e3o e de salas de aulas.<\/p>\n<p>Unesp Aberta: <a href=\"http:\/\/www.unesp.br\/unespaberta\" target=\"_blank\">www.unesp.br\/unespaberta<\/a><strong><br \/>\n<\/strong><\/p>\n","protected":false},"excerpt":{"rendered":"<p>Ag\u00eancia FAPESP \u2013 A Universidade Estadual Paulista lan\u00e7ou no dia 14 de junho o Projeto Unesp Aberta, que disponibiliza pela internet disciplinas livres como oportunidade de aperfei\u00e7oamento de professores nas \u00e1reas de Humanas, Exatas e Biol\u00f3gicas. A iniciativa oferece gratuitamente materiais did\u00e1ticos digitais dos cursos de gradua\u00e7\u00e3o, p\u00f3s-gradua\u00e7\u00e3o e extens\u00e3o da Unesp elaborados em parceria [&hellip;]<\/p>\n","protected":false},"author":3,"featured_media":37419,"comment_status":"open","ping_status":"closed","sticky":false,"template":"","format":"standard","meta":{"tdm_status":"","tdm_grid_status":"","footnotes":""},"categories":[22],"tags":[],"class_list":{"0":"post-39447","1":"post","2":"type-post","3":"status-publish","4":"format-standard","5":"has-post-thumbnail","7":"category-brasil"},"_links":{"self":[{"href":"https:\/\/migracao.redenoticia.com.br\/noticia\/wp-json\/wp\/v2\/posts\/39447","targetHints":{"allow":["GET"]}}],"collection":[{"href":"https:\/\/migracao.redenoticia.com.br\/noticia\/wp-json\/wp\/v2\/posts"}],"about":[{"href":"https:\/\/migracao.redenoticia.com.br\/noticia\/wp-json\/wp\/v2\/types\/post"}],"author":[{"embeddable":true,"href":"https:\/\/migracao.redenoticia.com.br\/noticia\/wp-json\/wp\/v2\/users\/3"}],"replies":[{"embeddable":true,"href":"https:\/\/migracao.redenoticia.com.br\/noticia\/wp-json\/wp\/v2\/comments?post=39447"}],"version-history":[{"count":0,"href":"https:\/\/migracao.redenoticia.com.br\/noticia\/wp-json\/wp\/v2\/posts\/39447\/revisions"}],"wp:featuredmedia":[{"embeddable":true,"href":"https:\/\/migracao.redenoticia.com.br\/noticia\/wp-json\/wp\/v2\/media\/37419"}],"wp:attachment":[{"href":"https:\/\/migracao.redenoticia.com.br\/noticia\/wp-json\/wp\/v2\/media?parent=39447"}],"wp:term":[{"taxonomy":"category","embeddable":true,"href":"https:\/\/migracao.redenoticia.com.br\/noticia\/wp-json\/wp\/v2\/categories?post=39447"},{"taxonomy":"post_tag","embeddable":true,"href":"https:\/\/migracao.redenoticia.com.br\/noticia\/wp-json\/wp\/v2\/tags?post=39447"}],"curies":[{"name":"wp","href":"https:\/\/api.w.org\/{rel}","templated":true}]}}