{"id":39450,"date":"2012-06-15T15:01:55","date_gmt":"2012-06-15T18:01:55","guid":{"rendered":"http:\/\/www.redenoticia.com.br\/noticia\/?p=39450"},"modified":"2012-06-15T15:01:55","modified_gmt":"2012-06-15T18:01:55","slug":"tv-cultura-estreia-programa-que-ensina-musica-para-criancas","status":"publish","type":"post","link":"https:\/\/migracao.redenoticia.com.br\/noticia\/2012\/tv-cultura-estreia-programa-que-ensina-musica-para-criancas\/39450","title":{"rendered":"TV Cultura estreia programa que ensina m\u00fasica para crian\u00e7as"},"content":{"rendered":"<p><img loading=\"lazy\" decoding=\"async\" class=\"alignleft size-full wp-image-36698\" title=\"cultura logo tv\" src=\"https:\/\/migracao.redenoticia.com.br\/noticia\/imagens\/cultura-logo-tv.jpg\" alt=\"\" width=\"300\" height=\"193\" srcset=\"https:\/\/migracao.redenoticia.com.br\/noticia\/imagens\/cultura-logo-tv.jpg 300w, https:\/\/migracao.redenoticia.com.br\/noticia\/imagens\/cultura-logo-tv-250x161.jpg 250w, https:\/\/migracao.redenoticia.com.br\/noticia\/imagens\/cultura-logo-tv-150x97.jpg 150w\" sizes=\"auto, (max-width: 300px) 100vw, 300px\" \/>Est\u00e1 mais que comprovado que m\u00fasica serve como um \u00f3timo truque pedag\u00f3gico para ensinar a crian\u00e7ada. A s\u00e9rie <em><strong>Os Cupins<\/strong><\/em>, que estreia na telinha da <em><strong>Cultura<\/strong><\/em> na pr\u00f3xima segunda-feira (18\/6), usa e abusa desse artif\u00edcio, justamente para mostrar que exercitar o ouvido tem tudo a ver com educa\u00e7\u00e3o e entretenimento. A atra\u00e7\u00e3o vai ao ar de segunda a sexta-feira, dentro das duas faixas do Quintal da Cultura, \u00e0s 9h e \u00e0s 14h30.<\/p>\n<p>A hist\u00f3ria gira em torno de Joca, um multi-instrumentista criativo que tem que aguentar as traquinagens dos cupins Cupincha e Cupim. Os dois moram em um piano, detestam m\u00fasica e se divertem boicotando o processo criativo do protagonista. Detalhe: seguindo o modelo do Cocoric\u00f3, todos os personagens s\u00e3o bonecos manipulados. Nenhum deles \u00e9 fruto de anima\u00e7\u00e3o.<\/p>\n<p>Escrita e dirigida por Roberto Machado Junior, a s\u00e9rie tem 13 epis\u00f3dios que exploram, de um jeito bem did\u00e1tico, no\u00e7\u00f5es b\u00e1sicas de musicaliza\u00e7\u00e3o, como o ritmo, a voz e as notas musicais. O p\u00fablico-alvo s\u00e3o as crian\u00e7as de 4 a 10 anos, mas, pelo tom de humor, tamb\u00e9m encanta os mais velhos. A produ\u00e7\u00e3o \u00e9 da Aiupa Brasil Produ\u00e7\u00f5es.<\/p>\n<p>Seguindo a tend\u00eancia transm\u00eddia dos mercados editorial e audiovisual, o programa Os Cupins deu origem a uma cole\u00e7\u00e3o de livros de mesmo nome editado pela Barsa Planeta Internacional. Composta por tr\u00eas volumes, que incluem CDs e DVDs, \u00e9 voltada para professores com experi\u00eancia no ensino de m\u00fasica para crian\u00e7as. Neles est\u00e3o reunidas in\u00fameras atividades que podem ser feitas em salas de aula, em casa ou em \u00e1reas externas. Um dos objetivos da cole\u00e7\u00e3o \u00e9 dar subs\u00eddio para que as escolas se adequem \u00e0s exig\u00eancias da lei federal 11.769, que determina a m\u00fasica como disciplina obrigat\u00f3ria.<\/p>\n","protected":false},"excerpt":{"rendered":"<p>Est\u00e1 mais que comprovado que m\u00fasica serve como um \u00f3timo truque pedag\u00f3gico para ensinar a crian\u00e7ada. A s\u00e9rie Os Cupins, que estreia na telinha da Cultura na pr\u00f3xima segunda-feira (18\/6), usa e abusa desse artif\u00edcio, justamente para mostrar que exercitar o ouvido tem tudo a ver com educa\u00e7\u00e3o e entretenimento. A atra\u00e7\u00e3o vai ao ar [&hellip;]<\/p>\n","protected":false},"author":3,"featured_media":36698,"comment_status":"open","ping_status":"closed","sticky":false,"template":"","format":"standard","meta":{"tdm_status":"","tdm_grid_status":"","footnotes":""},"categories":[22],"tags":[],"class_list":{"0":"post-39450","1":"post","2":"type-post","3":"status-publish","4":"format-standard","5":"has-post-thumbnail","7":"category-brasil"},"_links":{"self":[{"href":"https:\/\/migracao.redenoticia.com.br\/noticia\/wp-json\/wp\/v2\/posts\/39450","targetHints":{"allow":["GET"]}}],"collection":[{"href":"https:\/\/migracao.redenoticia.com.br\/noticia\/wp-json\/wp\/v2\/posts"}],"about":[{"href":"https:\/\/migracao.redenoticia.com.br\/noticia\/wp-json\/wp\/v2\/types\/post"}],"author":[{"embeddable":true,"href":"https:\/\/migracao.redenoticia.com.br\/noticia\/wp-json\/wp\/v2\/users\/3"}],"replies":[{"embeddable":true,"href":"https:\/\/migracao.redenoticia.com.br\/noticia\/wp-json\/wp\/v2\/comments?post=39450"}],"version-history":[{"count":0,"href":"https:\/\/migracao.redenoticia.com.br\/noticia\/wp-json\/wp\/v2\/posts\/39450\/revisions"}],"wp:featuredmedia":[{"embeddable":true,"href":"https:\/\/migracao.redenoticia.com.br\/noticia\/wp-json\/wp\/v2\/media\/36698"}],"wp:attachment":[{"href":"https:\/\/migracao.redenoticia.com.br\/noticia\/wp-json\/wp\/v2\/media?parent=39450"}],"wp:term":[{"taxonomy":"category","embeddable":true,"href":"https:\/\/migracao.redenoticia.com.br\/noticia\/wp-json\/wp\/v2\/categories?post=39450"},{"taxonomy":"post_tag","embeddable":true,"href":"https:\/\/migracao.redenoticia.com.br\/noticia\/wp-json\/wp\/v2\/tags?post=39450"}],"curies":[{"name":"wp","href":"https:\/\/api.w.org\/{rel}","templated":true}]}}