{"id":39469,"date":"2012-06-18T15:08:47","date_gmt":"2012-06-18T18:08:47","guid":{"rendered":"http:\/\/www.redenoticia.com.br\/noticia\/?p=39469"},"modified":"2012-06-19T00:16:16","modified_gmt":"2012-06-19T03:16:16","slug":"gabarito-do-vestibulinho-das-etecs","status":"publish","type":"post","link":"https:\/\/migracao.redenoticia.com.br\/noticia\/2012\/gabarito-do-vestibulinho-das-etecs\/39469","title":{"rendered":"Gabarito do vestibulinho das Etecs para o segundo semestre"},"content":{"rendered":"<p><img loading=\"lazy\" decoding=\"async\" class=\"alignleft size-full wp-image-34896\" title=\"vestibular\" src=\"https:\/\/migracao.redenoticia.com.br\/noticia\/imagens\/vestibular2.jpg\" alt=\"\" width=\"300\" height=\"193\" srcset=\"https:\/\/migracao.redenoticia.com.br\/noticia\/imagens\/vestibular2.jpg 300w, https:\/\/migracao.redenoticia.com.br\/noticia\/imagens\/vestibular2-250x160.jpg 250w, https:\/\/migracao.redenoticia.com.br\/noticia\/imagens\/vestibular2-150x96.jpg 150w\" sizes=\"auto, (max-width: 300px) 100vw, 300px\" \/>O <em><strong>gabarito<\/strong><\/em> da prova do <em><strong>Vestibulinho<\/strong><\/em> para o segundo semestre das Escolas T\u00e9cnicas Estaduais (<em><strong>Etecs<\/strong><\/em>) j\u00e1 pode ser consultado pelos candidatos. Os resultados est\u00e3o dispon\u00edveis do\u00a0<a href=\"http:\/\/www.centropaulasouza.sp.gov.br\/Noticias\/2012\/junho\/17_etecs-divulgam-gabarito-do-vestibulinho.asp\" target=\"_blank\">site<\/a>\u00a0do Centro Paula Souza, que administra as Etecs. Mais de 163 mil candidatos se inscreveram para concorrer \u00e0s 63.678 vagas oferecidas para o segundo semestre de 2012.<\/p>\n<p>A lista de classifica\u00e7\u00e3o geral ser\u00e1 divulgada no dia 6 de julho, na Etec onde o candidato deseja estudar e, tamb\u00e9m, nos sites do\u00a0<a href=\"http:\/\/www.centropaulasouza.sp.gov.br\/\">Centro Paula Souza<\/a>\u00a0e do\u00a0<a href=\"http:\/\/www.vestibulinhoetec.com.br\/home\/\">Vestibulinho Etec<\/a>\u00a0para os candidatos inscritos nos cursos t\u00e9cnicos de Canto, Dan\u00e7a, Pr\u00f3tese Dent\u00e1ria e Reg\u00eancia. E no dia 13 de julho para quem se inscreveu nos demais cursos do Ensino T\u00e9cnico.<\/p>\n<p>CALEND\u00c1RIO<br \/>\nVestibulinho Etec \u2013 Segundo semestre 2012<br \/>\n16 e 17 de julho &#8211; 1\u00aa lista de convoca\u00e7\u00e3o e matr\u00edcula<br \/>\n18 e 19 de julho &#8211; 2\u00aa lista de convoca\u00e7\u00e3o e matr\u00edcula<br \/>\n20 de julho &#8211; 3\u00aa lista de convoca\u00e7\u00e3o e matr\u00edcula<br \/>\n23 de julho &#8211; 4\u00aa lista de convoca\u00e7\u00e3o e matr\u00edcula<br \/>\n24 de julho &#8211; 5\u00aa lista de convoca\u00e7\u00e3o e matr\u00edcula<\/p>\n<p>Do Portal do Governo do Estado<\/p>\n","protected":false},"excerpt":{"rendered":"<p>O gabarito da prova do Vestibulinho para o segundo semestre das Escolas T\u00e9cnicas Estaduais (Etecs) j\u00e1 pode ser consultado pelos candidatos. Os resultados est\u00e3o dispon\u00edveis do\u00a0site\u00a0do Centro Paula Souza, que administra as Etecs. Mais de 163 mil candidatos se inscreveram para concorrer \u00e0s 63.678 vagas oferecidas para o segundo semestre de 2012. A lista de [&hellip;]<\/p>\n","protected":false},"author":3,"featured_media":34896,"comment_status":"open","ping_status":"closed","sticky":false,"template":"","format":"standard","meta":{"tdm_status":"","tdm_grid_status":"","footnotes":""},"categories":[22,370,295],"tags":[],"class_list":{"0":"post-39469","1":"post","2":"type-post","3":"status-publish","4":"format-standard","5":"has-post-thumbnail","7":"category-brasil","8":"category-inscricao","9":"category-vestibular"},"_links":{"self":[{"href":"https:\/\/migracao.redenoticia.com.br\/noticia\/wp-json\/wp\/v2\/posts\/39469","targetHints":{"allow":["GET"]}}],"collection":[{"href":"https:\/\/migracao.redenoticia.com.br\/noticia\/wp-json\/wp\/v2\/posts"}],"about":[{"href":"https:\/\/migracao.redenoticia.com.br\/noticia\/wp-json\/wp\/v2\/types\/post"}],"author":[{"embeddable":true,"href":"https:\/\/migracao.redenoticia.com.br\/noticia\/wp-json\/wp\/v2\/users\/3"}],"replies":[{"embeddable":true,"href":"https:\/\/migracao.redenoticia.com.br\/noticia\/wp-json\/wp\/v2\/comments?post=39469"}],"version-history":[{"count":0,"href":"https:\/\/migracao.redenoticia.com.br\/noticia\/wp-json\/wp\/v2\/posts\/39469\/revisions"}],"wp:featuredmedia":[{"embeddable":true,"href":"https:\/\/migracao.redenoticia.com.br\/noticia\/wp-json\/wp\/v2\/media\/34896"}],"wp:attachment":[{"href":"https:\/\/migracao.redenoticia.com.br\/noticia\/wp-json\/wp\/v2\/media?parent=39469"}],"wp:term":[{"taxonomy":"category","embeddable":true,"href":"https:\/\/migracao.redenoticia.com.br\/noticia\/wp-json\/wp\/v2\/categories?post=39469"},{"taxonomy":"post_tag","embeddable":true,"href":"https:\/\/migracao.redenoticia.com.br\/noticia\/wp-json\/wp\/v2\/tags?post=39469"}],"curies":[{"name":"wp","href":"https:\/\/api.w.org\/{rel}","templated":true}]}}