{"id":39471,"date":"2012-06-18T15:15:47","date_gmt":"2012-06-18T18:15:47","guid":{"rendered":"http:\/\/www.redenoticia.com.br\/noticia\/?p=39471"},"modified":"2012-06-24T11:48:45","modified_gmt":"2012-06-24T14:48:45","slug":"inscricoes-para-o-sisu-do-segundo-semestre-de-2012","status":"publish","type":"post","link":"https:\/\/migracao.redenoticia.com.br\/noticia\/2012\/inscricoes-para-o-sisu-do-segundo-semestre-de-2012\/39471","title":{"rendered":"Inscri\u00e7\u00f5es para o Sisu do segundo semestre de 2012"},"content":{"rendered":"<p><img loading=\"lazy\" decoding=\"async\" class=\"alignleft size-full wp-image-22752\" title=\"sisu enem mec\" src=\"https:\/\/migracao.redenoticia.com.br\/noticia\/imagens\/sisu-enem-mec.jpg\" alt=\"\" width=\"300\" height=\"193\" srcset=\"https:\/\/migracao.redenoticia.com.br\/noticia\/imagens\/sisu-enem-mec.jpg 300w, https:\/\/migracao.redenoticia.com.br\/noticia\/imagens\/sisu-enem-mec-250x161.jpg 250w, https:\/\/migracao.redenoticia.com.br\/noticia\/imagens\/sisu-enem-mec-150x97.jpg 150w\" sizes=\"auto, (max-width: 300px) 100vw, 300px\" \/>Est\u00e3o abertas as inscri\u00e7\u00f5es para o Sistema de Sele\u00e7\u00e3o Unificada (<em><strong>Sisu<\/strong><\/em>) do segundo semestre de 2012. O processo seleciona candidatos a 30.548 vagas, dispon\u00edveis em 56 institui\u00e7\u00f5es de ensino superior. As inscri\u00e7\u00f5es devem ser feitas na p\u00e1gina do Sisu na internet at\u00e9 as 23h59 de sexta-feira,\u00a022. O estudante pode fazer at\u00e9 duas op\u00e7\u00f5es de curso.<\/p>\n<p>O Sisu \u00e9 o ambiente virtual criado pelo MEC para selecionar estudantes em institui\u00e7\u00f5es p\u00fablicas de educa\u00e7\u00e3o superior com base nas notas obtidas no Exame Nacional do Ensino M\u00e9dio (Enem).<\/p>\n<p>A partir desta ter\u00e7a-feira, 19, a classifica\u00e7\u00e3o parcial e a nota de corte dos candidatos ser\u00e3o divulgadas diariamente no portal do Sisu para consulta a qualquer hora do dia, ao longo de todo o per\u00edodo de inscri\u00e7\u00f5es. No pr\u00f3prio sistema, o estudante pode tirar d\u00favidas sobre notas de corte, datas das chamadas, per\u00edodo de matr\u00edculas nas institui\u00e7\u00f5es, resultados e lista de espera.<\/p>\n<p>O sistema ainda permite ao estudante localizar cursos e vagas por meio de pesquisa, com a indica\u00e7\u00e3o do munic\u00edpio, da unidade da Federa\u00e7\u00e3o ou da institui\u00e7\u00e3o de ensino. \u00c9 poss\u00edvel ainda saber em quais institui\u00e7\u00f5es est\u00e3o as vagas pretendidas. Para ter acesso ao Sisu o candidato precisa informar o n\u00famero de inscri\u00e7\u00e3o e a senha usados no Enem de 2011.<\/p>\n<p>O resultado da primeira chamada da sele\u00e7\u00e3o ser\u00e1 divulgado no dia 25 pr\u00f3ximo. O per\u00edodo de matr\u00edcula dos convocados ser\u00e1 aberto no dia 29 pr\u00f3ximo e se estender\u00e1 at\u00e9 2 de julho. Em 6 de julho, ser\u00e1 divulgada a segunda chamada, que ter\u00e1 inscri\u00e7\u00f5es nos dias 10 e 11. As institui\u00e7\u00f5es convocar\u00e3o os candidatos classificados na lista de espera em 17 de julho.<\/p>\n<p>Assessoria de Comunica\u00e7\u00e3o Social<\/p>\n<p>Confira a\u00a0<a href=\"http:\/\/sisu.mec.gov.br\/\" target=\"_blank\">p\u00e1gina do Sisu<\/a>\u00a0na internet<\/p>\n","protected":false},"excerpt":{"rendered":"<p>Est\u00e3o abertas as inscri\u00e7\u00f5es para o Sistema de Sele\u00e7\u00e3o Unificada (Sisu) do segundo semestre de 2012. O processo seleciona candidatos a 30.548 vagas, dispon\u00edveis em 56 institui\u00e7\u00f5es de ensino superior. As inscri\u00e7\u00f5es devem ser feitas na p\u00e1gina do Sisu na internet at\u00e9 as 23h59 de sexta-feira,\u00a022. O estudante pode fazer at\u00e9 duas op\u00e7\u00f5es de curso. [&hellip;]<\/p>\n","protected":false},"author":3,"featured_media":22752,"comment_status":"open","ping_status":"closed","sticky":false,"template":"","format":"standard","meta":{"tdm_status":"","tdm_grid_status":"","footnotes":""},"categories":[22,370,295],"tags":[],"class_list":{"0":"post-39471","1":"post","2":"type-post","3":"status-publish","4":"format-standard","5":"has-post-thumbnail","7":"category-brasil","8":"category-inscricao","9":"category-vestibular"},"_links":{"self":[{"href":"https:\/\/migracao.redenoticia.com.br\/noticia\/wp-json\/wp\/v2\/posts\/39471","targetHints":{"allow":["GET"]}}],"collection":[{"href":"https:\/\/migracao.redenoticia.com.br\/noticia\/wp-json\/wp\/v2\/posts"}],"about":[{"href":"https:\/\/migracao.redenoticia.com.br\/noticia\/wp-json\/wp\/v2\/types\/post"}],"author":[{"embeddable":true,"href":"https:\/\/migracao.redenoticia.com.br\/noticia\/wp-json\/wp\/v2\/users\/3"}],"replies":[{"embeddable":true,"href":"https:\/\/migracao.redenoticia.com.br\/noticia\/wp-json\/wp\/v2\/comments?post=39471"}],"version-history":[{"count":0,"href":"https:\/\/migracao.redenoticia.com.br\/noticia\/wp-json\/wp\/v2\/posts\/39471\/revisions"}],"wp:featuredmedia":[{"embeddable":true,"href":"https:\/\/migracao.redenoticia.com.br\/noticia\/wp-json\/wp\/v2\/media\/22752"}],"wp:attachment":[{"href":"https:\/\/migracao.redenoticia.com.br\/noticia\/wp-json\/wp\/v2\/media?parent=39471"}],"wp:term":[{"taxonomy":"category","embeddable":true,"href":"https:\/\/migracao.redenoticia.com.br\/noticia\/wp-json\/wp\/v2\/categories?post=39471"},{"taxonomy":"post_tag","embeddable":true,"href":"https:\/\/migracao.redenoticia.com.br\/noticia\/wp-json\/wp\/v2\/tags?post=39471"}],"curies":[{"name":"wp","href":"https:\/\/api.w.org\/{rel}","templated":true}]}}