{"id":39481,"date":"2012-06-24T11:30:54","date_gmt":"2012-06-24T14:30:54","guid":{"rendered":"http:\/\/www.redenoticia.com.br\/noticia\/?p=39481"},"modified":"2012-06-24T11:47:26","modified_gmt":"2012-06-24T14:47:26","slug":"notas-de-corte-sisu-segundo-semestre-de-2012","status":"publish","type":"post","link":"https:\/\/migracao.redenoticia.com.br\/noticia\/2012\/notas-de-corte-sisu-segundo-semestre-de-2012\/39481","title":{"rendered":"Resultado da primeira chamada Sisu segundo semestre de 2012"},"content":{"rendered":"<p align=\"JUSTIFY\"><img loading=\"lazy\" decoding=\"async\" class=\"alignleft size-full wp-image-22752\" title=\"sisu enem mec\" src=\"https:\/\/migracao.redenoticia.com.br\/noticia\/imagens\/sisu-enem-mec.jpg\" alt=\"\" width=\"300\" height=\"193\" srcset=\"https:\/\/migracao.redenoticia.com.br\/noticia\/imagens\/sisu-enem-mec.jpg 300w, https:\/\/migracao.redenoticia.com.br\/noticia\/imagens\/sisu-enem-mec-250x161.jpg 250w, https:\/\/migracao.redenoticia.com.br\/noticia\/imagens\/sisu-enem-mec-150x97.jpg 150w\" sizes=\"auto, (max-width: 300px) 100vw, 300px\" \/><\/p>\n<p>Finalizado o per\u00edodo de cinco dias de inscri\u00e7\u00f5es,\u00a0642.878\u00a0candidatos est\u00e3o inscritos para disputar uma das\u00a030.548vagas do Sistema de Sele\u00e7\u00e3o Unificada (<em><strong>Sisu<\/strong><\/em>), do Minist\u00e9rio da Educa\u00e7\u00e3o. Ao todo foram\u00a01.245.437\u00a0inscri\u00e7\u00f5es, j\u00e1 que cada inscrito poderia optar por at\u00e9 dois cursos dentro do sistema. H\u00e1 vagas em\u00a056\u00a0institui\u00e7\u00f5es de ensino superior p\u00fablicas, distribu\u00eddas por 21 unidades da Federa\u00e7\u00e3o. O <em><strong>resultado da primeira chamada<\/strong><\/em> ser\u00e1 divulgado nesta segunda-feira, 25.<\/p>\n<p>O estado do Rio de Janeiro foi o que recebeu maior n\u00famero de inscri\u00e7\u00f5es, 245.716. Desse total, 152.196 concorrem a uma das vagas oferecidas pela Universidade Federal do Rio de Janeiro, a institui\u00e7\u00e3o com maior n\u00famero de interessados de todo o Pa\u00eds.<\/p>\n<p>Os outros estados com maior n\u00famero de inscri\u00e7\u00f5es efetuadas foram Minas Gerais (166.162), Cear\u00e1 (156.343), Maranh\u00e3o (105.782) e Bahia (92.120). Entre as institui\u00e7\u00f5es, tiveram maior procura, al\u00e9m da UFRJ, a Universidade Federal do Cear\u00e1 (108.574 inscri\u00e7\u00f5es), a Universidade Federal do Maranh\u00e3o (103.829 inscri\u00e7\u00f5es), a Universidade Federal do Paran\u00e1 (80.483 inscri\u00e7\u00f5es) e a Universidade Federal de Ouro Preto (60.136 inscri\u00e7\u00f5es).<\/p>\n<p>Calend\u00e1rio \u2013\u00a0O per\u00edodo de matr\u00edculas da primeira chamada vai de\u00a029 de junho\u00a0a\u00a09 de julho. O resultado da segunda chamada ser\u00e1 divulgado no dia\u00a013 de julho\u00a0e as matr\u00edculas poder\u00e3o ser efetuadas nos dias\u00a017\u00a0e\u00a018 de julho. Estudantes n\u00e3o aprovados nas duas primeiras chamadas poder\u00e3o declarar interesse na lista de espera entre13\u00a0e\u00a019 de julho. A convoca\u00e7\u00e3o dos candidatos em lista de espera ser\u00e1 realizada pelas institui\u00e7\u00f5es a partir do dia24 de julho.<\/p>\n<p>Assessoria de Comunica\u00e7\u00e3o Social<\/p>\n<p><a href=\"http:\/\/portal.mec.gov.br\/index.php?option=com_docman&amp;task=doc_download&amp;gid=11038&amp;Itemid=\" target=\"_blank\">Confira o n\u00famero de inscri\u00e7\u00f5es por UF<\/a><\/p>\n<p><a href=\"http:\/\/portal.mec.gov.br\/index.php?option=com_docman&amp;task=doc_download&amp;gid=11039&amp;Itemid=\" target=\"_blank\">Confira o n\u00famero de inscri\u00e7\u00f5es por institui\u00e7\u00e3o<\/a><\/p>\n","protected":false},"excerpt":{"rendered":"<p>Finalizado o per\u00edodo de cinco dias de inscri\u00e7\u00f5es,\u00a0642.878\u00a0candidatos est\u00e3o inscritos para disputar uma das\u00a030.548vagas do Sistema de Sele\u00e7\u00e3o Unificada (Sisu), do Minist\u00e9rio da Educa\u00e7\u00e3o. Ao todo foram\u00a01.245.437\u00a0inscri\u00e7\u00f5es, j\u00e1 que cada inscrito poderia optar por at\u00e9 dois cursos dentro do sistema. H\u00e1 vagas em\u00a056\u00a0institui\u00e7\u00f5es de ensino superior p\u00fablicas, distribu\u00eddas por 21 unidades da Federa\u00e7\u00e3o. O resultado [&hellip;]<\/p>\n","protected":false},"author":3,"featured_media":22752,"comment_status":"open","ping_status":"closed","sticky":false,"template":"","format":"standard","meta":{"tdm_status":"","tdm_grid_status":"","footnotes":""},"categories":[22,370,295],"tags":[],"class_list":{"0":"post-39481","1":"post","2":"type-post","3":"status-publish","4":"format-standard","5":"has-post-thumbnail","7":"category-brasil","8":"category-inscricao","9":"category-vestibular"},"_links":{"self":[{"href":"https:\/\/migracao.redenoticia.com.br\/noticia\/wp-json\/wp\/v2\/posts\/39481","targetHints":{"allow":["GET"]}}],"collection":[{"href":"https:\/\/migracao.redenoticia.com.br\/noticia\/wp-json\/wp\/v2\/posts"}],"about":[{"href":"https:\/\/migracao.redenoticia.com.br\/noticia\/wp-json\/wp\/v2\/types\/post"}],"author":[{"embeddable":true,"href":"https:\/\/migracao.redenoticia.com.br\/noticia\/wp-json\/wp\/v2\/users\/3"}],"replies":[{"embeddable":true,"href":"https:\/\/migracao.redenoticia.com.br\/noticia\/wp-json\/wp\/v2\/comments?post=39481"}],"version-history":[{"count":0,"href":"https:\/\/migracao.redenoticia.com.br\/noticia\/wp-json\/wp\/v2\/posts\/39481\/revisions"}],"wp:featuredmedia":[{"embeddable":true,"href":"https:\/\/migracao.redenoticia.com.br\/noticia\/wp-json\/wp\/v2\/media\/22752"}],"wp:attachment":[{"href":"https:\/\/migracao.redenoticia.com.br\/noticia\/wp-json\/wp\/v2\/media?parent=39481"}],"wp:term":[{"taxonomy":"category","embeddable":true,"href":"https:\/\/migracao.redenoticia.com.br\/noticia\/wp-json\/wp\/v2\/categories?post=39481"},{"taxonomy":"post_tag","embeddable":true,"href":"https:\/\/migracao.redenoticia.com.br\/noticia\/wp-json\/wp\/v2\/tags?post=39481"}],"curies":[{"name":"wp","href":"https:\/\/api.w.org\/{rel}","templated":true}]}}