{"id":39498,"date":"2012-06-20T10:17:38","date_gmt":"2012-06-20T13:17:38","guid":{"rendered":"http:\/\/www.redenoticia.com.br\/noticia\/?p=39498"},"modified":"2012-06-20T18:36:00","modified_gmt":"2012-06-20T21:36:00","slug":"centro-paula-souza-divulga-nova-lista-do-intercambio-cultural","status":"publish","type":"post","link":"https:\/\/migracao.redenoticia.com.br\/noticia\/2012\/centro-paula-souza-divulga-nova-lista-do-intercambio-cultural\/39498","title":{"rendered":"Centro Paula Souza divulga nova lista do interc\u00e2mbio cultural"},"content":{"rendered":"<p><img loading=\"lazy\" decoding=\"async\" class=\"alignleft size-full wp-image-36241\" title=\"professor b\" src=\"https:\/\/migracao.redenoticia.com.br\/noticia\/imagens\/professor-b.jpg\" alt=\"\" width=\"300\" height=\"193\" srcset=\"https:\/\/migracao.redenoticia.com.br\/noticia\/imagens\/professor-b.jpg 300w, https:\/\/migracao.redenoticia.com.br\/noticia\/imagens\/professor-b-250x161.jpg 250w, https:\/\/migracao.redenoticia.com.br\/noticia\/imagens\/professor-b-150x97.jpg 150w\" sizes=\"auto, (max-width: 300px) 100vw, 300px\" \/>O Centro Paula Souza selecionou mais 250 alunos de Escolas T\u00e9cnicas Estaduais (Etecs) e Faculdades de Tecnologia do Estado de S\u00e3o Paulo para o Programa de <em><strong>Interc\u00e2mbio Cultural<\/strong> <\/em>do 2\u00ba semestre deste ano. S\u00e3o bolsas de estudo para um curso de ingl\u00eas de um m\u00eas de dura\u00e7\u00e3o nos Estados Unidos, nas cidades de Berkeley, Boston, Chicago, S\u00e3o Francisco e Fort Lauderdale.<\/p>\n<p>Ao todo, 6.144 candidatos inscreveram-se programa: 4.729 alunos de Etecs e 1.415 de Fatecs. Para participar do processo de sele\u00e7\u00e3o, os estudantes precisavam atender aos seguintes crit\u00e9rios: m\u00e9rito acad\u00eamico (an\u00e1lise curricular) em curso T\u00e9cnico e\/ou Tecnol\u00f3gico com formatura em julho de 2012; frequentar regularmente o curso; n\u00e3o ter registro escrito de advert\u00eancia ou pena disciplinar.<\/p>\n<p>Os bolsistas viajam com todas as despesas pagas \u2013 curso, alimenta\u00e7\u00e3o, acomoda\u00e7\u00e3o, passagem a\u00e9rea, traslado, transporte interno e seguro sa\u00fade \u2013 com exce\u00e7\u00e3o dos custos com passaporte e visto, que dever\u00e3o correr por conta dos participantes. O Student Travel Bureau (STB), empresa brasileira do segmento de turismo jovem e educa\u00e7\u00e3o internacional vencedora da licita\u00e7\u00e3o, ser\u00e1 respons\u00e1vel pela viagem e estada. O investimento total do Governo do Estado ser\u00e1 de R$ 6,3 milh\u00f5es.<\/p>\n<p>O programa<br \/>\nA edi\u00e7\u00e3o 2012 do interc\u00e2mbio vai oferecer, ao todo, 600 bolsas de estudo de ingl\u00eas \u2013 550 nos Estados Unidos e 50 na Inglaterra. O programa contempla 500 alunos, 50 professores de ingl\u00eas e 50 das \u00e1reas t\u00e9cnica e tecnol\u00f3gica das Etecs e das Fatecs.<\/p>\n<p>Al\u00e9m dos 250 alunos que foram selecionados para embarcar no 2\u00ba semestre, 125 j\u00e1 embarcaram em abril e outros 125 viajaram em maio. Em junho, 50 professores de ingl\u00eas seguem para Londres, onde estudar\u00e3o pr\u00e1tica de ensino em l\u00edngua inglesa na International House of English. Os 50 docentes das \u00e1reas t\u00e9cnica e tecnol\u00f3gica tamb\u00e9m embarcam em junho, para os EUA.<\/p>\n<p>O Programa de Interc\u00e2mbio Cultural do Centro Paula Souza \u00e9 oferecido pelo segundo ano consecutivo. Em 2011, 500 alunos e 100 professores de ingl\u00eas foram para os EUA. Relatos e fotos dos intercambistas s\u00e3o publicados no <a href=\"http:\/\/centropaulasouza.tumblr.com\/\" target=\"_blank\">http:\/\/centropaulasouza.tumblr.com\/<\/a> do Centro Paula Souza.<\/p>\n<p>Confira se na sua cidade algum aluno foi aprovado: <a href=\"http:\/\/bit.ly\/M6JitH\" target=\"_blank\">http:\/\/bit.ly\/M6JitH<\/a><br \/>\nLista de espera do 2\u00ba semestre do Programa de Interc\u00e2mbio Cultural de 2012: <a href=\"http:\/\/bit.ly\/NPxeh5\" target=\"_blank\">http:\/\/bit.ly\/NPxeh5<\/a><\/p>\n<p>Sobre o Centro Paula Souza \u2013 Autarquia do Governo do Estado de S\u00e3o Paulo vinculada \u00e0 Secretaria de Desenvolvimento Econ\u00f4mico, Ci\u00eancia e Tecnologia, o Centro Paula Souza administra Faculdades de Tecnologia (Fatecs) e Escolas T\u00e9cnicas (Etecs) estaduais, al\u00e9m das classes descentralizadas \u2013 unidades que funcionam com um ou mais cursos t\u00e9cnicos em parceria com prefeituras ou empresas, sob a supervis\u00e3o de uma Etec \u2013, em 263 cidades paulistas. As Etecs atendem cerca de 226 mil estudantes, no Ensino M\u00e9dio e no Ensino T\u00e9cnico, para os setores Industrial, Agropecu\u00e1rio e de Servi\u00e7os. Nas Fatecs, mais de 59 mil alunos est\u00e3o matriculados nos cursos de gradua\u00e7\u00e3o tecnol\u00f3gica.<\/p>\n","protected":false},"excerpt":{"rendered":"<p>O Centro Paula Souza selecionou mais 250 alunos de Escolas T\u00e9cnicas Estaduais (Etecs) e Faculdades de Tecnologia do Estado de S\u00e3o Paulo para o Programa de Interc\u00e2mbio Cultural do 2\u00ba semestre deste ano. S\u00e3o bolsas de estudo para um curso de ingl\u00eas de um m\u00eas de dura\u00e7\u00e3o nos Estados Unidos, nas cidades de Berkeley, Boston, [&hellip;]<\/p>\n","protected":false},"author":3,"featured_media":36241,"comment_status":"open","ping_status":"closed","sticky":false,"template":"","format":"standard","meta":{"tdm_status":"","tdm_grid_status":"","footnotes":""},"categories":[22],"tags":[],"class_list":{"0":"post-39498","1":"post","2":"type-post","3":"status-publish","4":"format-standard","5":"has-post-thumbnail","7":"category-brasil"},"_links":{"self":[{"href":"https:\/\/migracao.redenoticia.com.br\/noticia\/wp-json\/wp\/v2\/posts\/39498","targetHints":{"allow":["GET"]}}],"collection":[{"href":"https:\/\/migracao.redenoticia.com.br\/noticia\/wp-json\/wp\/v2\/posts"}],"about":[{"href":"https:\/\/migracao.redenoticia.com.br\/noticia\/wp-json\/wp\/v2\/types\/post"}],"author":[{"embeddable":true,"href":"https:\/\/migracao.redenoticia.com.br\/noticia\/wp-json\/wp\/v2\/users\/3"}],"replies":[{"embeddable":true,"href":"https:\/\/migracao.redenoticia.com.br\/noticia\/wp-json\/wp\/v2\/comments?post=39498"}],"version-history":[{"count":0,"href":"https:\/\/migracao.redenoticia.com.br\/noticia\/wp-json\/wp\/v2\/posts\/39498\/revisions"}],"wp:featuredmedia":[{"embeddable":true,"href":"https:\/\/migracao.redenoticia.com.br\/noticia\/wp-json\/wp\/v2\/media\/36241"}],"wp:attachment":[{"href":"https:\/\/migracao.redenoticia.com.br\/noticia\/wp-json\/wp\/v2\/media?parent=39498"}],"wp:term":[{"taxonomy":"category","embeddable":true,"href":"https:\/\/migracao.redenoticia.com.br\/noticia\/wp-json\/wp\/v2\/categories?post=39498"},{"taxonomy":"post_tag","embeddable":true,"href":"https:\/\/migracao.redenoticia.com.br\/noticia\/wp-json\/wp\/v2\/tags?post=39498"}],"curies":[{"name":"wp","href":"https:\/\/api.w.org\/{rel}","templated":true}]}}