{"id":39512,"date":"2012-06-21T12:33:09","date_gmt":"2012-06-21T15:33:09","guid":{"rendered":"http:\/\/www.redenoticia.com.br\/noticia\/?p=39512"},"modified":"2012-06-21T12:33:09","modified_gmt":"2012-06-21T15:33:09","slug":"programa-opera-curta-leva-grandes-montagens-a-32-cidades-de-sp","status":"publish","type":"post","link":"https:\/\/migracao.redenoticia.com.br\/noticia\/2012\/programa-opera-curta-leva-grandes-montagens-a-32-cidades-de-sp\/39512","title":{"rendered":"Programa \u00d3pera Curta leva grandes montagens a 32 cidades de SP"},"content":{"rendered":"<p><img loading=\"lazy\" decoding=\"async\" class=\"alignleft size-full wp-image-28951\" title=\"concurso inscricao vagas ate\" src=\"https:\/\/migracao.redenoticia.com.br\/noticia\/imagens\/concurso-inscricao-vagas-ate.jpg\" alt=\"\" width=\"300\" height=\"193\" srcset=\"https:\/\/migracao.redenoticia.com.br\/noticia\/imagens\/concurso-inscricao-vagas-ate.jpg 300w, https:\/\/migracao.redenoticia.com.br\/noticia\/imagens\/concurso-inscricao-vagas-ate-250x160.jpg 250w, https:\/\/migracao.redenoticia.com.br\/noticia\/imagens\/concurso-inscricao-vagas-ate-150x96.jpg 150w\" sizes=\"auto, (max-width: 300px) 100vw, 300px\" \/>Est\u00e1 aberta a temporada 2012 do <em><strong>\u00d3pera Curta<\/strong><\/em>, programa da Secretaria de Estado da Cultura que promove montagens reduzidas de \u00f3peras famosas, com dramaturgia adaptada e curta dura\u00e7\u00e3o.<\/p>\n<p>Na pr\u00f3xima segunda-feira, 25, o Teatro Grande Otelo recebe o espet\u00e1culo La Boh\u00e8me, que deve passar por 32 cidades do interior e litoral at\u00e9 outubro. Os espet\u00e1culos Carmem e La Traviata tamb\u00e9m ter\u00e3o apresenta\u00e7\u00f5es gratuitas.<\/p>\n<p>La Boh\u00e8me narra a hist\u00f3ria de artistas e pessoas comuns que conviviam nos sub\u00farbios de Paris no final do s\u00e9culo XIX. Os amigos Rodolfo, Marcelo, Schaunard, Colline e os amores dos dois primeiros, Mimi e Musetta, respectivamente, vivem rela\u00e7\u00f5es conflitantes ao longo da trama.<\/p>\n<p>Na adapta\u00e7\u00e3o de Cleber Papa, a Cia. \u00d3pera Curta buscou acentuar os aspectos musicais e dramat\u00fargicos da \u00f3pera sem perder a ess\u00eancia da obra. A releitura da montagem refor\u00e7a a maneira como as pessoas atropelam suas vidas e se contradizem nos seus relacionamentos, seja por medo, covardia, inseguran\u00e7a ou desrespeito a si pr\u00f3prios.<\/p>\n<p>A Cia. \u00d3pera Curta, promovida pela Casa de \u00d3pera, \u00e9 a respons\u00e1vel pela execu\u00e7\u00e3o dos espet\u00e1culos, que contam com dire\u00e7\u00e3o e cenografia de Cleber Papa, dire\u00e7\u00e3o art\u00edstica de Rosana Caramaschi e dire\u00e7\u00e3o musical do maestro Lu\u00eds Gustavo Petri.<\/p>\n<p>Interior<\/p>\n<p>Guaratinguet\u00e1 ser\u00e1 o primeiro munic\u00edpio a receber o \u00d3pera Curta 2012. A obra La Traviata chega \u00e0 cidade no s\u00e1bado, dia 23. J\u00e1 a cidade de Itatiba foi a escolhida para a estreia de La Boh\u00e8me, nos dias 28 e 29.<\/p>\n<p>Confira a programa\u00e7\u00e3o completa no\u00a0<a href=\"http:\/\/www.cultura.sp.gov.br\/StaticFiles\/SEC\/Locais%20e%20hor%C3%A1rios%20%C3%93pera%20Curta.pdf\" target=\"_blank\">site da Secretaria de Cultura<\/a><\/p>\n<p>SERVI\u00c7O<\/p>\n<p>La Boh\u00e8me \u2013 a \u00f3pera contada e cantada<\/p>\n<p>Data: 25 de junho<\/p>\n<p>Hor\u00e1rio: 20h<\/p>\n<p>Local: Teatro Grande Otelo &#8211; Alameda Nothmann, 233, Bom Retiro \u2013SP<\/p>\n<p>Dura\u00e7\u00e3o: 90 minutos<\/p>\n<p>Classifica\u00e7\u00e3o: recomendado para maiores de 14 anos<\/p>\n<p>Entrada gratuita<\/p>\n<p>Os ingressos devem ser reservados pelo telefone (11) 8702-3872 e retirados na bilheteria com uma hora de anteced\u00eancia<\/p>\n","protected":false},"excerpt":{"rendered":"<p>Est\u00e1 aberta a temporada 2012 do \u00d3pera Curta, programa da Secretaria de Estado da Cultura que promove montagens reduzidas de \u00f3peras famosas, com dramaturgia adaptada e curta dura\u00e7\u00e3o. Na pr\u00f3xima segunda-feira, 25, o Teatro Grande Otelo recebe o espet\u00e1culo La Boh\u00e8me, que deve passar por 32 cidades do interior e litoral at\u00e9 outubro. Os espet\u00e1culos [&hellip;]<\/p>\n","protected":false},"author":3,"featured_media":28951,"comment_status":"open","ping_status":"closed","sticky":false,"template":"","format":"standard","meta":{"tdm_status":"","tdm_grid_status":"","footnotes":""},"categories":[22],"tags":[],"class_list":{"0":"post-39512","1":"post","2":"type-post","3":"status-publish","4":"format-standard","5":"has-post-thumbnail","7":"category-brasil"},"_links":{"self":[{"href":"https:\/\/migracao.redenoticia.com.br\/noticia\/wp-json\/wp\/v2\/posts\/39512","targetHints":{"allow":["GET"]}}],"collection":[{"href":"https:\/\/migracao.redenoticia.com.br\/noticia\/wp-json\/wp\/v2\/posts"}],"about":[{"href":"https:\/\/migracao.redenoticia.com.br\/noticia\/wp-json\/wp\/v2\/types\/post"}],"author":[{"embeddable":true,"href":"https:\/\/migracao.redenoticia.com.br\/noticia\/wp-json\/wp\/v2\/users\/3"}],"replies":[{"embeddable":true,"href":"https:\/\/migracao.redenoticia.com.br\/noticia\/wp-json\/wp\/v2\/comments?post=39512"}],"version-history":[{"count":0,"href":"https:\/\/migracao.redenoticia.com.br\/noticia\/wp-json\/wp\/v2\/posts\/39512\/revisions"}],"wp:featuredmedia":[{"embeddable":true,"href":"https:\/\/migracao.redenoticia.com.br\/noticia\/wp-json\/wp\/v2\/media\/28951"}],"wp:attachment":[{"href":"https:\/\/migracao.redenoticia.com.br\/noticia\/wp-json\/wp\/v2\/media?parent=39512"}],"wp:term":[{"taxonomy":"category","embeddable":true,"href":"https:\/\/migracao.redenoticia.com.br\/noticia\/wp-json\/wp\/v2\/categories?post=39512"},{"taxonomy":"post_tag","embeddable":true,"href":"https:\/\/migracao.redenoticia.com.br\/noticia\/wp-json\/wp\/v2\/tags?post=39512"}],"curies":[{"name":"wp","href":"https:\/\/api.w.org\/{rel}","templated":true}]}}