{"id":39517,"date":"2012-06-21T12:50:44","date_gmt":"2012-06-21T15:50:44","guid":{"rendered":"http:\/\/www.redenoticia.com.br\/noticia\/?p=39517"},"modified":"2012-06-21T12:50:44","modified_gmt":"2012-06-21T15:50:44","slug":"portal-do-ministerio-do-esporte-sobre-os-jogos-olimpicos-2012","status":"publish","type":"post","link":"https:\/\/migracao.redenoticia.com.br\/noticia\/2012\/portal-do-ministerio-do-esporte-sobre-os-jogos-olimpicos-2012\/39517","title":{"rendered":"Portal do Minist\u00e9rio do Esporte sobre os Jogos Ol\u00edmpicos 2012"},"content":{"rendered":"<p><img loading=\"lazy\" decoding=\"async\" class=\"alignleft size-full wp-image-37419\" title=\"computador tecnologia\" src=\"https:\/\/migracao.redenoticia.com.br\/noticia\/imagens\/computador-tecnologia.jpg\" alt=\"\" width=\"300\" height=\"193\" srcset=\"https:\/\/migracao.redenoticia.com.br\/noticia\/imagens\/computador-tecnologia.jpg 300w, https:\/\/migracao.redenoticia.com.br\/noticia\/imagens\/computador-tecnologia-250x161.jpg 250w, https:\/\/migracao.redenoticia.com.br\/noticia\/imagens\/computador-tecnologia-150x97.jpg 150w\" sizes=\"auto, (max-width: 300px) 100vw, 300px\" \/>Est\u00e1 no ar, no portal do Minist\u00e9rio do Esporte, a p\u00e1gina especial voltada para a participa\u00e7\u00e3o dos atletas brasileiros nos <em><strong>Jogos Ol\u00edmpicos e Paral\u00edmpicos de Londres 2012<\/strong><\/em>. Na p\u00e1gina, os internautas podem encontrar entrevistas, a rela\u00e7\u00e3o completa da delega\u00e7\u00e3o brasileira, quadro de medalhas e outras informa\u00e7\u00f5es.<\/p>\n<p>At\u00e9 o momento, a delega\u00e7\u00e3o que representar\u00e1 o Brasil em Londres conta com 242 vagas, sendo que 123 atletas j\u00e1 t\u00eam os nomes confirmados no evento. Desses, 80 recebem o benef\u00edcio do programa Bolsa-Atleta, do Minist\u00e9rio do Esporte.<\/p>\n<p>O programa garante uma manuten\u00e7\u00e3o pessoal m\u00ednima aos atletas de alto rendimento, buscando dar condi\u00e7\u00f5es para que se dediquem ao treinamento esportivo e a participa\u00e7\u00e3o em competi\u00e7\u00f5es, visando o desenvolvimento pleno de sua carreira esportiva. Os atletas interessados em participar devem verificar se atendem a todos os pr\u00e9-requisitos determinados em Lei para a sua categoria<\/p>\n<p><a href=\"http:\/\/www.esporte.gov.br\/londres2012\/default.jsp\" target=\"_blank\">Clique neste link e confira a p\u00e1gina especial dos Jogos de Londres 2012<\/a><\/p>\n<p>Chama ol\u00edmpica<\/p>\n<p>Considerada pelos gregos antigos como o fogo sagrado, a chama ol\u00edmpica percorrer\u00e1, ao todo, um trajeto de 12.875 km em uma jornada de 70 dias. O Brasil, como sede dos Jogos Ol\u00edmpicos de 2016, tamb\u00e9m teve seu representante na cerim\u00f4nia de transmiss\u00e3o da tocha: o presidente do Comit\u00ea Organizador dos Jogos Ol\u00edmpicos e Paral\u00edmpicos Rio 2016 e do Comit\u00ea Ol\u00edmpico Brasileiro (COB), Carlos Arthur Nuzman, foi o quarto condutor da chama ol\u00edmpica, ainda na Gr\u00e9cia.<\/p>\n<p>O design escolhido para a tocha ol\u00edmpica pelo Comit\u00ea Organizador dos Jogos Ol\u00edmpicos e Paral\u00edmpicos de Londres (LOCOG, na sigla em ingl\u00eas) tem uma explica\u00e7\u00e3o: segundo seus criadores, os designers Edward Barber e Jay Osgerby, o objeto triangular, dourado e com oito mil c\u00edrculos perfurados representa cada um dos oito mil carregadores e suas hist\u00f3rias pessoais de supera\u00e7\u00e3o e contribui\u00e7\u00e3o para as comunidades locais, caracter\u00edstica que foi celebrada durante o acendimento do s\u00edmbolo.<\/p>\n<p>Desde os jogos de Londres em 1948, a chama j\u00e1 foi carregada por lugares inusitados, como debaixo d\u2019\u00e1gua (em Sydney 2000), na neve (nos Jogos de Inverno de Vancouver 2010) e \u00e0 bordo de um avi\u00e3o Concorde (nos Jogos de Inverno de Albertville 1992).<\/p>\n<p>A jornada ol\u00edmpica termina no dia 27 de julho, com a chegada \u00e0 festa de abertura dos Jogos de Londres. O trajeto da tocha pode ser acompanhado ao vivo no endere\u00e7o\u00a0<a href=\"http:\/\/www.london2012.com\/torch-relay\/video\/live.html\">http:\/\/www.london2012.com\/torch-relay\/video\/live.html\u00a0<\/a>.<\/p>\n","protected":false},"excerpt":{"rendered":"<p>Est\u00e1 no ar, no portal do Minist\u00e9rio do Esporte, a p\u00e1gina especial voltada para a participa\u00e7\u00e3o dos atletas brasileiros nos Jogos Ol\u00edmpicos e Paral\u00edmpicos de Londres 2012. Na p\u00e1gina, os internautas podem encontrar entrevistas, a rela\u00e7\u00e3o completa da delega\u00e7\u00e3o brasileira, quadro de medalhas e outras informa\u00e7\u00f5es. At\u00e9 o momento, a delega\u00e7\u00e3o que representar\u00e1 o Brasil [&hellip;]<\/p>\n","protected":false},"author":3,"featured_media":37419,"comment_status":"open","ping_status":"closed","sticky":false,"template":"","format":"standard","meta":{"tdm_status":"","tdm_grid_status":"","footnotes":""},"categories":[22],"tags":[],"class_list":{"0":"post-39517","1":"post","2":"type-post","3":"status-publish","4":"format-standard","5":"has-post-thumbnail","7":"category-brasil"},"_links":{"self":[{"href":"https:\/\/migracao.redenoticia.com.br\/noticia\/wp-json\/wp\/v2\/posts\/39517","targetHints":{"allow":["GET"]}}],"collection":[{"href":"https:\/\/migracao.redenoticia.com.br\/noticia\/wp-json\/wp\/v2\/posts"}],"about":[{"href":"https:\/\/migracao.redenoticia.com.br\/noticia\/wp-json\/wp\/v2\/types\/post"}],"author":[{"embeddable":true,"href":"https:\/\/migracao.redenoticia.com.br\/noticia\/wp-json\/wp\/v2\/users\/3"}],"replies":[{"embeddable":true,"href":"https:\/\/migracao.redenoticia.com.br\/noticia\/wp-json\/wp\/v2\/comments?post=39517"}],"version-history":[{"count":0,"href":"https:\/\/migracao.redenoticia.com.br\/noticia\/wp-json\/wp\/v2\/posts\/39517\/revisions"}],"wp:featuredmedia":[{"embeddable":true,"href":"https:\/\/migracao.redenoticia.com.br\/noticia\/wp-json\/wp\/v2\/media\/37419"}],"wp:attachment":[{"href":"https:\/\/migracao.redenoticia.com.br\/noticia\/wp-json\/wp\/v2\/media?parent=39517"}],"wp:term":[{"taxonomy":"category","embeddable":true,"href":"https:\/\/migracao.redenoticia.com.br\/noticia\/wp-json\/wp\/v2\/categories?post=39517"},{"taxonomy":"post_tag","embeddable":true,"href":"https:\/\/migracao.redenoticia.com.br\/noticia\/wp-json\/wp\/v2\/tags?post=39517"}],"curies":[{"name":"wp","href":"https:\/\/api.w.org\/{rel}","templated":true}]}}