{"id":39556,"date":"2012-07-01T21:30:44","date_gmt":"2012-07-02T00:30:44","guid":{"rendered":"http:\/\/www.redenoticia.com.br\/noticia\/?p=39556"},"modified":"2012-07-01T21:32:08","modified_gmt":"2012-07-02T00:32:08","slug":"fatecs-divulgam-locais-de-exame-e-previsao-do-gabarito","status":"publish","type":"post","link":"https:\/\/migracao.redenoticia.com.br\/noticia\/2012\/fatecs-divulgam-locais-de-exame-e-previsao-do-gabarito\/39556","title":{"rendered":"Fatecs divulgam gabarito oficial"},"content":{"rendered":"<p><img loading=\"lazy\" decoding=\"async\" class=\"alignleft size-full wp-image-34896\" title=\"vestibular\" src=\"https:\/\/migracao.redenoticia.com.br\/noticia\/imagens\/vestibular2.jpg\" alt=\"\" width=\"300\" height=\"193\" srcset=\"https:\/\/migracao.redenoticia.com.br\/noticia\/imagens\/vestibular2.jpg 300w, https:\/\/migracao.redenoticia.com.br\/noticia\/imagens\/vestibular2-250x160.jpg 250w, https:\/\/migracao.redenoticia.com.br\/noticia\/imagens\/vestibular2-150x96.jpg 150w\" sizes=\"auto, (max-width: 300px) 100vw, 300px\" \/><em><strong>Vestibular<\/strong><\/em> das Faculdades de Tecnologia (<em><strong>Fatecs<\/strong><\/em>) do Estado de S\u00e3o Paulo segundo semestre de 2012 \u00a0&#8211;\u00a0<a href=\"http:\/\/www.vestibularfatec.com.br\/\" target=\"_blank\">www.vestibularfatec.com.br<\/a>\u00a0&#8211; a\u00a0prova foi no domingo, 1\u00ba de julho, com cinco horas de dura\u00e7\u00e3o. Os port\u00f5es das escolas foram abertos \u00e0s 12h15 e fechados \u00e0s 13 horas. Ap\u00f3s esse hor\u00e1rio n\u00e3o foi permitida a entrada de nenhum candidato.\u00a0O <em><strong>gabarito<\/strong><\/em> oficial da prova foi divulgado no dia 1\u00ba de julho, a partir das 18h30, nos\u00a0sites\u00a0<a href=\"http:\/\/www.centropaulasouza.sp.gov.br\/\">www.centropaulasouza.sp.gov.br<\/a>\u00a0e\u00a0<a href=\"http:\/\/www.vestibularfatec.com.br\/\">www.vestibularfatec.com.br<\/a>\u00a0.<\/p>\n<p>Neste processo seletivo, mais de 35 mil candidatos disputar\u00e3o as 11.895 vagas, distribu\u00eddas entre as 55 Fatecs que oferecem 62 cursos de gradua\u00e7\u00e3o tecnol\u00f3gica gratuitos.<\/p>\n<p>Outras informa\u00e7\u00f5es pelos telefones (11) 3471-4103 (Capital e Grande S\u00e3o Paulo) e 0800-596 9696 (demais localidades) ou pelo site www.vestibularfatec.com.br<\/p>\n<p>Sobre o Centro Paula Souza \u2013 Autarquia do Governo do Estado de S\u00e3o Paulo vinculada \u00e0 Secretaria de Desenvolvimento Econ\u00f4mico, Ci\u00eancia e Tecnologia, o Centro Paula Souza administra Faculdades de Tecnologia (Fatecs) e Escolas T\u00e9cnicas (Etecs) estaduais, al\u00e9m das classes descentralizadas \u2013 unidades que funcionam com um ou mais cursos t\u00e9cnicos em parceria com prefeituras ou empresas, sob a supervis\u00e3o de uma Etec \u2013, em 264 cidades paulistas. As Etecs atendem cerca de 226 mil estudantes, no Ensino M\u00e9dio e no Ensino T\u00e9cnico, para os setores Industrial, Agropecu\u00e1rio e de Servi\u00e7os. Nas Fatecs, mais de 59 mil alunos est\u00e3o matriculados nos cursos de gradua\u00e7\u00e3o tecnol\u00f3gica.<\/p>\n","protected":false},"excerpt":{"rendered":"<p>Vestibular das Faculdades de Tecnologia (Fatecs) do Estado de S\u00e3o Paulo segundo semestre de 2012 \u00a0&#8211;\u00a0www.vestibularfatec.com.br\u00a0&#8211; a\u00a0prova foi no domingo, 1\u00ba de julho, com cinco horas de dura\u00e7\u00e3o. Os port\u00f5es das escolas foram abertos \u00e0s 12h15 e fechados \u00e0s 13 horas. Ap\u00f3s esse hor\u00e1rio n\u00e3o foi permitida a entrada de nenhum candidato.\u00a0O gabarito oficial da [&hellip;]<\/p>\n","protected":false},"author":3,"featured_media":34896,"comment_status":"open","ping_status":"closed","sticky":false,"template":"","format":"standard","meta":{"tdm_status":"","tdm_grid_status":"","footnotes":""},"categories":[22,370,295],"tags":[],"class_list":{"0":"post-39556","1":"post","2":"type-post","3":"status-publish","4":"format-standard","5":"has-post-thumbnail","7":"category-brasil","8":"category-inscricao","9":"category-vestibular"},"_links":{"self":[{"href":"https:\/\/migracao.redenoticia.com.br\/noticia\/wp-json\/wp\/v2\/posts\/39556","targetHints":{"allow":["GET"]}}],"collection":[{"href":"https:\/\/migracao.redenoticia.com.br\/noticia\/wp-json\/wp\/v2\/posts"}],"about":[{"href":"https:\/\/migracao.redenoticia.com.br\/noticia\/wp-json\/wp\/v2\/types\/post"}],"author":[{"embeddable":true,"href":"https:\/\/migracao.redenoticia.com.br\/noticia\/wp-json\/wp\/v2\/users\/3"}],"replies":[{"embeddable":true,"href":"https:\/\/migracao.redenoticia.com.br\/noticia\/wp-json\/wp\/v2\/comments?post=39556"}],"version-history":[{"count":0,"href":"https:\/\/migracao.redenoticia.com.br\/noticia\/wp-json\/wp\/v2\/posts\/39556\/revisions"}],"wp:featuredmedia":[{"embeddable":true,"href":"https:\/\/migracao.redenoticia.com.br\/noticia\/wp-json\/wp\/v2\/media\/34896"}],"wp:attachment":[{"href":"https:\/\/migracao.redenoticia.com.br\/noticia\/wp-json\/wp\/v2\/media?parent=39556"}],"wp:term":[{"taxonomy":"category","embeddable":true,"href":"https:\/\/migracao.redenoticia.com.br\/noticia\/wp-json\/wp\/v2\/categories?post=39556"},{"taxonomy":"post_tag","embeddable":true,"href":"https:\/\/migracao.redenoticia.com.br\/noticia\/wp-json\/wp\/v2\/tags?post=39556"}],"curies":[{"name":"wp","href":"https:\/\/api.w.org\/{rel}","templated":true}]}}