{"id":39563,"date":"2012-06-27T14:12:48","date_gmt":"2012-06-27T17:12:48","guid":{"rendered":"http:\/\/www.redenoticia.com.br\/noticia\/?p=39563"},"modified":"2012-06-27T14:12:48","modified_gmt":"2012-06-27T17:12:48","slug":"festival-de-inverno-de-campos-do-jordao-tera-mais-de-78-concertos","status":"publish","type":"post","link":"https:\/\/migracao.redenoticia.com.br\/noticia\/2012\/festival-de-inverno-de-campos-do-jordao-tera-mais-de-78-concertos\/39563","title":{"rendered":"Festival de Inverno de Campos do Jord\u00e3o ter\u00e1 mais de 78 concertos"},"content":{"rendered":"<p><img loading=\"lazy\" decoding=\"async\" class=\"alignleft size-full wp-image-28951\" title=\"concurso inscricao vagas ate\" src=\"https:\/\/migracao.redenoticia.com.br\/noticia\/imagens\/concurso-inscricao-vagas-ate.jpg\" alt=\"\" width=\"300\" height=\"193\" srcset=\"https:\/\/migracao.redenoticia.com.br\/noticia\/imagens\/concurso-inscricao-vagas-ate.jpg 300w, https:\/\/migracao.redenoticia.com.br\/noticia\/imagens\/concurso-inscricao-vagas-ate-250x160.jpg 250w, https:\/\/migracao.redenoticia.com.br\/noticia\/imagens\/concurso-inscricao-vagas-ate-150x96.jpg 150w\" sizes=\"auto, (max-width: 300px) 100vw, 300px\" \/>Come\u00e7a nesse s\u00e1bado, 30, a 43\u00aa edi\u00e7\u00e3o do <em><strong>Festival Internacional de Inverno de Campos do Jord\u00e3o<\/strong><\/em>, maior festival internacional de m\u00fasica cl\u00e1ssica da Am\u00e9rica Latina. Promovido pelo Governo do Estado de S\u00e3o Paulo, por meio da Secretaria da Cultura, o festival, organizado pela Funda\u00e7\u00e3o Osesp (Orquestra Sinf\u00f4nica do Estado de S\u00e3o Paulo), ter\u00e1 mais de 78 concertos e a participa\u00e7\u00e3o de uma extensa lista de grandes artistas.<\/p>\n<p>O concerto de abertura ser\u00e1 no Audit\u00f3rio Claudio Santoro, \u00e0s 20h30. Haver\u00e1 apresenta\u00e7\u00e3o da Osesp, conduzida pelo maestro Thomas Dausgaard, com participa\u00e7\u00e3o do Coral Paulistano, do Coro da Osesp e dos cantores Donald Litaker, Ingebord Danz, Klemens Sander e Susanne Bernhard.<\/p>\n<p>LEIA TAMB\u00c9M<br \/>\n<a href=\"http:\/\/www.saopaulo.sp.gov.br\/spnoticias\/lenoticia.php?id=220123\" target=\"_blank\">Exposi\u00e7\u00e3o gratuita conta a hist\u00f3ria do Pal\u00e1cio da Boa Vista, em Campos de Jord\u00e3o<\/a><\/p>\n<p>O Festival ter\u00e1 dura\u00e7\u00e3o de quatro semanas e este ano ter\u00e1 alunos e professores da Royal Academy Music &#8211; Londres (quinteto de metais), do Conservat\u00f3rio de Amsterd\u00e3 (quarteto de cordas e quinteto desopros), do Conservat\u00f3rio Real de Haia (quarteto de cordas), do Peabody Institute (quarteto de cordas) e do americano Cincinnati Colege of Music (quarteto de cordas).<\/p>\n<p>O conv\u00eanio com as institui\u00e7\u00f5es internacionais possibilita a troca de experi\u00eancias e a cria\u00e7\u00e3o de v\u00ednculos entre os m\u00fasicos brasileiros e estrangeiros.<\/p>\n<p>SERVI\u00c7O<br \/>\nAbertura do 43\u00ba Festival Internacional de Inverno de Campos do Jord\u00e3o<br \/>\nConcerto da Orquestra Sinf\u00f4nica do Estado de S\u00e3o Paulo (Osesp)<br \/>\nReg\u00eancia: maestro Thomas Dausgaard<br \/>\nData: 30 de junho de 2012 (sexta-feira)<br \/>\nLocal: Audit\u00f3rio Claudio Santoro<br \/>\nEndere\u00e7o:\u00a0Av. Dr. Lu\u00eds Arrobas Martins, 1.800 &#8211; Alto da Boa Vista &#8211; Campos do Jord\u00e3o-SP<br \/>\nInforma\u00e7\u00f5es sobre ingressos no\u00a0<a href=\"http:\/\/www.festivalcamposdojordao.org.br\/noticias-interno.php?id_noticia=225\" target=\"_blank\">site oficial do evento<\/a>.<\/p>\n<p>Do Portal do Governo do Estado<\/p>\n","protected":false},"excerpt":{"rendered":"<p>Come\u00e7a nesse s\u00e1bado, 30, a 43\u00aa edi\u00e7\u00e3o do Festival Internacional de Inverno de Campos do Jord\u00e3o, maior festival internacional de m\u00fasica cl\u00e1ssica da Am\u00e9rica Latina. Promovido pelo Governo do Estado de S\u00e3o Paulo, por meio da Secretaria da Cultura, o festival, organizado pela Funda\u00e7\u00e3o Osesp (Orquestra Sinf\u00f4nica do Estado de S\u00e3o Paulo), ter\u00e1 mais de [&hellip;]<\/p>\n","protected":false},"author":3,"featured_media":28951,"comment_status":"open","ping_status":"closed","sticky":false,"template":"","format":"standard","meta":{"tdm_status":"","tdm_grid_status":"","footnotes":""},"categories":[22],"tags":[],"class_list":{"0":"post-39563","1":"post","2":"type-post","3":"status-publish","4":"format-standard","5":"has-post-thumbnail","7":"category-brasil"},"_links":{"self":[{"href":"https:\/\/migracao.redenoticia.com.br\/noticia\/wp-json\/wp\/v2\/posts\/39563","targetHints":{"allow":["GET"]}}],"collection":[{"href":"https:\/\/migracao.redenoticia.com.br\/noticia\/wp-json\/wp\/v2\/posts"}],"about":[{"href":"https:\/\/migracao.redenoticia.com.br\/noticia\/wp-json\/wp\/v2\/types\/post"}],"author":[{"embeddable":true,"href":"https:\/\/migracao.redenoticia.com.br\/noticia\/wp-json\/wp\/v2\/users\/3"}],"replies":[{"embeddable":true,"href":"https:\/\/migracao.redenoticia.com.br\/noticia\/wp-json\/wp\/v2\/comments?post=39563"}],"version-history":[{"count":0,"href":"https:\/\/migracao.redenoticia.com.br\/noticia\/wp-json\/wp\/v2\/posts\/39563\/revisions"}],"wp:featuredmedia":[{"embeddable":true,"href":"https:\/\/migracao.redenoticia.com.br\/noticia\/wp-json\/wp\/v2\/media\/28951"}],"wp:attachment":[{"href":"https:\/\/migracao.redenoticia.com.br\/noticia\/wp-json\/wp\/v2\/media?parent=39563"}],"wp:term":[{"taxonomy":"category","embeddable":true,"href":"https:\/\/migracao.redenoticia.com.br\/noticia\/wp-json\/wp\/v2\/categories?post=39563"},{"taxonomy":"post_tag","embeddable":true,"href":"https:\/\/migracao.redenoticia.com.br\/noticia\/wp-json\/wp\/v2\/tags?post=39563"}],"curies":[{"name":"wp","href":"https:\/\/api.w.org\/{rel}","templated":true}]}}