{"id":39585,"date":"2012-06-28T16:25:44","date_gmt":"2012-06-28T19:25:44","guid":{"rendered":"http:\/\/www.redenoticia.com.br\/noticia\/?p=39585"},"modified":"2012-06-28T16:25:44","modified_gmt":"2012-06-28T19:25:44","slug":"prouni-inscricoes-para-bolsas-do-segundo-semestre","status":"publish","type":"post","link":"https:\/\/migracao.redenoticia.com.br\/noticia\/2012\/prouni-inscricoes-para-bolsas-do-segundo-semestre\/39585","title":{"rendered":"ProUni: inscri\u00e7\u00f5es para bolsas do segundo semestre"},"content":{"rendered":"<p><img loading=\"lazy\" decoding=\"async\" class=\"alignleft size-full wp-image-23011\" title=\"prouni resultado inscricao\" src=\"https:\/\/migracao.redenoticia.com.br\/noticia\/imagens\/prouni-inscricao.jpg\" alt=\"\" width=\"300\" height=\"193\" srcset=\"https:\/\/migracao.redenoticia.com.br\/noticia\/imagens\/prouni-inscricao.jpg 300w, https:\/\/migracao.redenoticia.com.br\/noticia\/imagens\/prouni-inscricao-250x160.jpg 250w, https:\/\/migracao.redenoticia.com.br\/noticia\/imagens\/prouni-inscricao-150x96.jpg 150w\" sizes=\"auto, (max-width: 300px) 100vw, 300px\" \/>Est\u00e3o abertas a partir desta quinta-feira, 28, as<em><strong> inscri\u00e7\u00f5es<\/strong> <\/em>de candidatos a bolsas de estudos em institui\u00e7\u00f5es particulares de educa\u00e7\u00e3o superior por meio do Programa Universidade para Todos (<em><strong>ProUni<\/strong><\/em>) do Minist\u00e9rio da Educa\u00e7\u00e3o. O per\u00edodo se estender\u00e1 at\u00e9 segunda-feira, 2 de julho. A oferta para este segundo semestre \u00e9 de 90.311 bolsas \u2014 52.487 integrais e 37.824 parciais (50% da mensalidade).<\/p>\n<p>No processo do ProUni haver\u00e1 uma \u00fanica etapa de inscri\u00e7\u00e3o, com duas chamadas para convoca\u00e7\u00e3o dos candidatos pr\u00e9-selecionados. Ao inscrever-se, o estudante pode fazer at\u00e9 duas op\u00e7\u00f5es de curso e de institui\u00e7\u00e3o. A primeira chamada ser\u00e1 divulgada em 5 de julho e o candidato tem at\u00e9 o pr\u00f3ximo dia 13 para comparecer \u00e0 institui\u00e7\u00e3o de ensino em que vai estudar para apresentar a documenta\u00e7\u00e3o e providenciar a matr\u00edcula. A segunda chamada est\u00e1 prevista para 20 de julho, com prazo para matr\u00edcula e comprova\u00e7\u00e3o de informa\u00e7\u00f5es at\u00e9 o dia 26.<\/p>\n<p>Podem se candidatar \u00e0s bolsas integrais estudantes com renda familiar, por pessoa, de at\u00e9 um sal\u00e1rio m\u00ednimo e meio (R$ 933). As bolsas parciais s\u00e3o destinadas a candidatos com renda familiar de at\u00e9 tr\u00eas sal\u00e1rios m\u00ednimos (R$ 1.866) por pessoa.<\/p>\n<p>Al\u00e9m de ter feito o Exame Nacional do Ensino M\u00e9dio (Enem) de 2011, com um m\u00ednimo de 400 pontos na m\u00e9dia das cinco notas e nota na reda\u00e7\u00e3o que n\u00e3o seja zero, o candidato deve ter cursado todo o ensino m\u00e9dio em escola p\u00fablica ou, em caso de escola particular, na condi\u00e7\u00e3o de bolsista integral.<\/p>\n<p>Professores da rede p\u00fablica de ensino b\u00e1sico que concorrem a bolsas em cursos de licenciatura, curso normal superior ou de pedagogia n\u00e3o precisam cumprir o crit\u00e9rio de renda, desde que estejam em efetivo exerc\u00edcio e integrem o quadro permanente da escola na qual atuam.<\/p>\n<p>Espera\u00a0\u2014 Ao fim das duas chamadas, os candidatos n\u00e3o pr\u00e9-selecionados ou aqueles que foram pr\u00e9-selecionados em cursos sem forma\u00e7\u00e3o de turma podem pedir inclus\u00e3o na lista de espera, que ser\u00e1 usada pelas institui\u00e7\u00f5es participantes do programa para a ocupa\u00e7\u00e3o das bolsas eventualmente ainda n\u00e3o ocupadas. O per\u00edodo para manifesta\u00e7\u00e3o de interesse na lista ir\u00e1 de 2 a 4 de agosto pr\u00f3ximo. Ao fim desse prazo, a partir do dia 7 de agosto, ser\u00e3o feitas as convoca\u00e7\u00f5es dos integrantes.<\/p>\n<p>Criado em 2004, o ProUni j\u00e1 ofereceu mais de 1 milh\u00e3o de bolsas de estudos em cursos de gradua\u00e7\u00e3o e sequenciais de forma\u00e7\u00e3o espec\u00edfica.<\/p>\n<p>Assessoria de Comunica\u00e7\u00e3o Social<\/p>\n<p>Acesse a\u00a0<a href=\"http:\/\/siteprouni.mec.gov.br\/\" target=\"_blank\">p\u00e1gina do ProUni<\/a><\/p>\n<p>Acesse a oferta de\u00a0<a href=\"http:\/\/portal.mec.gov.br\/index.php?option=com_docman&amp;task=doc_download&amp;gid=11092&amp;Itemid=\">vagas por UF<\/a><\/p>\n","protected":false},"excerpt":{"rendered":"<p>Est\u00e3o abertas a partir desta quinta-feira, 28, as inscri\u00e7\u00f5es de candidatos a bolsas de estudos em institui\u00e7\u00f5es particulares de educa\u00e7\u00e3o superior por meio do Programa Universidade para Todos (ProUni) do Minist\u00e9rio da Educa\u00e7\u00e3o. O per\u00edodo se estender\u00e1 at\u00e9 segunda-feira, 2 de julho. A oferta para este segundo semestre \u00e9 de 90.311 bolsas \u2014 52.487 integrais [&hellip;]<\/p>\n","protected":false},"author":3,"featured_media":23011,"comment_status":"open","ping_status":"closed","sticky":false,"template":"","format":"standard","meta":{"tdm_status":"","tdm_grid_status":"","footnotes":""},"categories":[22,370,295],"tags":[],"class_list":{"0":"post-39585","1":"post","2":"type-post","3":"status-publish","4":"format-standard","5":"has-post-thumbnail","7":"category-brasil","8":"category-inscricao","9":"category-vestibular"},"_links":{"self":[{"href":"https:\/\/migracao.redenoticia.com.br\/noticia\/wp-json\/wp\/v2\/posts\/39585","targetHints":{"allow":["GET"]}}],"collection":[{"href":"https:\/\/migracao.redenoticia.com.br\/noticia\/wp-json\/wp\/v2\/posts"}],"about":[{"href":"https:\/\/migracao.redenoticia.com.br\/noticia\/wp-json\/wp\/v2\/types\/post"}],"author":[{"embeddable":true,"href":"https:\/\/migracao.redenoticia.com.br\/noticia\/wp-json\/wp\/v2\/users\/3"}],"replies":[{"embeddable":true,"href":"https:\/\/migracao.redenoticia.com.br\/noticia\/wp-json\/wp\/v2\/comments?post=39585"}],"version-history":[{"count":0,"href":"https:\/\/migracao.redenoticia.com.br\/noticia\/wp-json\/wp\/v2\/posts\/39585\/revisions"}],"wp:featuredmedia":[{"embeddable":true,"href":"https:\/\/migracao.redenoticia.com.br\/noticia\/wp-json\/wp\/v2\/media\/23011"}],"wp:attachment":[{"href":"https:\/\/migracao.redenoticia.com.br\/noticia\/wp-json\/wp\/v2\/media?parent=39585"}],"wp:term":[{"taxonomy":"category","embeddable":true,"href":"https:\/\/migracao.redenoticia.com.br\/noticia\/wp-json\/wp\/v2\/categories?post=39585"},{"taxonomy":"post_tag","embeddable":true,"href":"https:\/\/migracao.redenoticia.com.br\/noticia\/wp-json\/wp\/v2\/tags?post=39585"}],"curies":[{"name":"wp","href":"https:\/\/api.w.org\/{rel}","templated":true}]}}