{"id":39587,"date":"2012-06-28T10:29:46","date_gmt":"2012-06-28T13:29:46","guid":{"rendered":"http:\/\/www.redenoticia.com.br\/noticia\/?p=39587"},"modified":"2012-06-28T16:32:32","modified_gmt":"2012-06-28T19:32:32","slug":"guia-online-com-dicas-para-viagens-turisticas","status":"publish","type":"post","link":"https:\/\/migracao.redenoticia.com.br\/noticia\/2012\/guia-online-com-dicas-para-viagens-turisticas\/39587","title":{"rendered":"Guia online com dicas para viagens tur\u00edsticas"},"content":{"rendered":"<p><img loading=\"lazy\" decoding=\"async\" class=\"alignleft size-full wp-image-37419\" title=\"computador tecnologia\" src=\"https:\/\/migracao.redenoticia.com.br\/noticia\/imagens\/computador-tecnologia.jpg\" alt=\"\" width=\"300\" height=\"193\" srcset=\"https:\/\/migracao.redenoticia.com.br\/noticia\/imagens\/computador-tecnologia.jpg 300w, https:\/\/migracao.redenoticia.com.br\/noticia\/imagens\/computador-tecnologia-250x161.jpg 250w, https:\/\/migracao.redenoticia.com.br\/noticia\/imagens\/computador-tecnologia-150x97.jpg 150w\" sizes=\"auto, (max-width: 300px) 100vw, 300px\" \/>Bras\u00edlia \u2013 \u00c0s v\u00e9speras das f\u00e9rias de julho, o Minist\u00e9rio do Turismo lan\u00e7ou hoje (28), no Aeroporto Internacional Juscelino Kubitschek, em Bras\u00edlia, <em><strong>o guia online Viaje Legal<\/strong><\/em>, com o objetivo de orientar as passageiros sobre quais cuidados que devem tomar antes de viajar.<\/p>\n<p>\u201c\u00c9 um guia de orienta\u00e7\u00e3o mais interativo&#8221;, disse o secret\u00e1rio nacional de Pol\u00edticas de Turismo, Paulo Andr\u00e9. O material traz orienta\u00e7\u00f5es tanto para viagens a\u00e9reas como de \u00f4nibus e navio. Tamb\u00e9m re\u00fane dicas para a escolha de ag\u00eancias de viagem, de guias tur\u00edsticos e de hospedagens. \u201cNesta cartilha, est\u00e3o as informa\u00e7\u00f5es mais \u00fateis e mais importantes\u201d, destacou o secret\u00e1rio. \u201c\u00c9 um planejamento importante para que ele [passageiro] n\u00e3o tenha nenhum tipo de transtorno&#8221;, completou.<\/p>\n<p>Paulo Andr\u00e9 ressaltou ainda que o guia \u00e9 \u00fatil porque orienta o turista sobre como agir no caso de um eventual constrangimento, como extravio de bagagens. Se for um problema que diz respeito \u00e0 rela\u00e7\u00e3o de consumo, por exemplo, ele deve procurar o Procon. \u201cSe ele ainda estiver na sala de embarque, j\u00e1 deve procurar a companhia para as alternativas de negocia\u00e7\u00f5es\u201d, orientou o secret\u00e1rio.<\/p>\n<p>O guia est\u00e1 dispon\u00edvel no site do Minist\u00e9rio do Turismo. O passageiro tamb\u00e9m pode usar um QR Code, que \u00e9 um c\u00f3digo de barras 2D, para acessar as informa\u00e7\u00f5es por meio do celular. Para decodific\u00e1-lo, \u00e9 preciso baixar um leitor no aparelho.<\/p>\n<p>Da Ag\u00eancia Brasil<\/p>\n<p>Edi\u00e7\u00e3o: Juliana Andrade<\/p>\n","protected":false},"excerpt":{"rendered":"<p>Bras\u00edlia \u2013 \u00c0s v\u00e9speras das f\u00e9rias de julho, o Minist\u00e9rio do Turismo lan\u00e7ou hoje (28), no Aeroporto Internacional Juscelino Kubitschek, em Bras\u00edlia, o guia online Viaje Legal, com o objetivo de orientar as passageiros sobre quais cuidados que devem tomar antes de viajar. \u201c\u00c9 um guia de orienta\u00e7\u00e3o mais interativo&#8221;, disse o secret\u00e1rio nacional de [&hellip;]<\/p>\n","protected":false},"author":3,"featured_media":37419,"comment_status":"open","ping_status":"closed","sticky":false,"template":"","format":"standard","meta":{"tdm_status":"","tdm_grid_status":"","footnotes":""},"categories":[22,7],"tags":[],"class_list":{"0":"post-39587","1":"post","2":"type-post","3":"status-publish","4":"format-standard","5":"has-post-thumbnail","7":"category-brasil","8":"category-economia"},"_links":{"self":[{"href":"https:\/\/migracao.redenoticia.com.br\/noticia\/wp-json\/wp\/v2\/posts\/39587","targetHints":{"allow":["GET"]}}],"collection":[{"href":"https:\/\/migracao.redenoticia.com.br\/noticia\/wp-json\/wp\/v2\/posts"}],"about":[{"href":"https:\/\/migracao.redenoticia.com.br\/noticia\/wp-json\/wp\/v2\/types\/post"}],"author":[{"embeddable":true,"href":"https:\/\/migracao.redenoticia.com.br\/noticia\/wp-json\/wp\/v2\/users\/3"}],"replies":[{"embeddable":true,"href":"https:\/\/migracao.redenoticia.com.br\/noticia\/wp-json\/wp\/v2\/comments?post=39587"}],"version-history":[{"count":0,"href":"https:\/\/migracao.redenoticia.com.br\/noticia\/wp-json\/wp\/v2\/posts\/39587\/revisions"}],"wp:featuredmedia":[{"embeddable":true,"href":"https:\/\/migracao.redenoticia.com.br\/noticia\/wp-json\/wp\/v2\/media\/37419"}],"wp:attachment":[{"href":"https:\/\/migracao.redenoticia.com.br\/noticia\/wp-json\/wp\/v2\/media?parent=39587"}],"wp:term":[{"taxonomy":"category","embeddable":true,"href":"https:\/\/migracao.redenoticia.com.br\/noticia\/wp-json\/wp\/v2\/categories?post=39587"},{"taxonomy":"post_tag","embeddable":true,"href":"https:\/\/migracao.redenoticia.com.br\/noticia\/wp-json\/wp\/v2\/tags?post=39587"}],"curies":[{"name":"wp","href":"https:\/\/api.w.org\/{rel}","templated":true}]}}