{"id":39598,"date":"2012-06-29T15:29:33","date_gmt":"2012-06-29T18:29:33","guid":{"rendered":"http:\/\/www.redenoticia.com.br\/noticia\/?p=39598"},"modified":"2012-06-29T15:29:33","modified_gmt":"2012-06-29T18:29:33","slug":"censo-do-ibge-mostra-o-aumento-de-evangelicos-no-brasil","status":"publish","type":"post","link":"https:\/\/migracao.redenoticia.com.br\/noticia\/2012\/censo-do-ibge-mostra-o-aumento-de-evangelicos-no-brasil\/39598","title":{"rendered":"Censo do IBGE mostra o aumento de evang\u00e9licos no Brasil"},"content":{"rendered":"<p><img loading=\"lazy\" decoding=\"async\" class=\"alignleft size-full wp-image-19959\" title=\"cesgranrio concurso ibge\" src=\"https:\/\/migracao.redenoticia.com.br\/noticia\/imagens\/gabarito-concurso-ibge.jpg\" alt=\"\" width=\"300\" height=\"193\" srcset=\"https:\/\/migracao.redenoticia.com.br\/noticia\/imagens\/gabarito-concurso-ibge.jpg 300w, https:\/\/migracao.redenoticia.com.br\/noticia\/imagens\/gabarito-concurso-ibge-250x160.jpg 250w, https:\/\/migracao.redenoticia.com.br\/noticia\/imagens\/gabarito-concurso-ibge-150x96.jpg 150w\" sizes=\"auto, (max-width: 300px) 100vw, 300px\" \/>Rio de Janeiro &#8211; O n\u00famero de brasileiros que se declaram cat\u00f3licos continua em queda. Nos \u00faltimos 20 anos a diminui\u00e7\u00e3o desse contingente no total da popula\u00e7\u00e3o do pa\u00eds foi aproximadamente 22%. Em 1991, oito em cada dez brasileiros se diziam pertencentes a essa religi\u00e3o; em 2010, pouco mais de seis fizeram a mesma afirma\u00e7\u00e3o. Por outro lado, os grupos <em><strong>evang\u00e9licos<\/strong><\/em>, que passaram de 9% em 1991 para 22,2% em 2010, s\u00e3o os que mais cresceram no mesmo per\u00edodo. Somente na \u00faltima d\u00e9cada foi observado um aumento de cerca de 16 milh\u00f5es de pessoas que se declararam evang\u00e9licas.<\/p>\n<p>A constata\u00e7\u00e3o faz parte do Censo Demogr\u00e1fico 2010 \u2013 Caracter\u00edsticas Gerais da Popula\u00e7\u00e3o, Religi\u00e3o e Pessoas com Defici\u00eancia, divulgado hoje (29) pelo Instituto Brasileiro de Geografia e Estat\u00edstica (IBGE). O documento traz informa\u00e7\u00f5es do perfil religioso da popula\u00e7\u00e3o brasileira, al\u00e9m de dados sobre a distribui\u00e7\u00e3o espacial das pessoas com defici\u00eancia, sua estrutura por idade, escolaridade e inser\u00e7\u00e3o no mercado de trabalho.<\/p>\n<p>O pesquisador da coordena\u00e7\u00e3o de popula\u00e7\u00e3o e indicadores sociais do IBGE, Cl\u00e1udio Crespo, destacou que entre os evang\u00e9licos o grupo que mais cresce \u00e9 o dos pentecostais, que inclui as igrejas Assembleia de Deus, do Evangelho Quadrangular, Maranata e Nova Vida.<\/p>\n<p>Em 2010, seis em cada dez evang\u00e9licos e um em cada dez brasileiros j\u00e1 declaravam frequentar essas igrejas. Por outro lado, o n\u00famero de evang\u00e9licos de miss\u00e3o ou tradicionais, como luteranos, presbiterianos, metodistas, batistas e congregacionais, ficou est\u00e1vel e correspondia, em 2010, a 18,5% dos evang\u00e9licos e a 4,1% dos brasileiros.<br \/>\n\u201cCom certeza, 80% dos que deixam de ser cat\u00f3licos se tornam evang\u00e9licos pentecostais, principalmente em fun\u00e7\u00e3o de essas igrejas contarem com uma linguagem mais urbana, mais metropolitana, pr\u00f3pria dos nossos tempos\u201d, explicou.<\/p>\n<p>Esse movimento \u00e9 liderado pela igreja Assembleia de Deus, que foi a que mais cresceu entre 2000 e 2010, passando de 8,4 milh\u00f5es para 12,3 milh\u00f5ee de fi\u00e9is. Al\u00e9m disso, o documento mostra que a Igreja Universal do Reino de Deus \u2013 integrante tamb\u00e9m do grupo das pentecostais \u2013 perdeu quase 300 mil adeptos, passando de 2,1 milh\u00f5es para 1,9 milh\u00e3o na \u00faltima d\u00e9cada.<\/p>\n<p>Em rela\u00e7\u00e3o \u00e0 distribui\u00e7\u00e3o espacial da popula\u00e7\u00e3o evang\u00e9lica, h\u00e1 uma concentra\u00e7\u00e3o que acompanha a expans\u00e3o da fronteira agr\u00edcola e o litoral do Sudeste, revelando uma influ\u00eancia dos deslocamentos populacionais.<br \/>\n\u201cAs igrejas pentecostais crescem com bastante vigor nas regi\u00f5es metropolitanas do Rio e de S\u00e3o Paulo muito em fun\u00e7\u00e3o da migra\u00e7\u00e3o de fluxos vindos do Norte e do Nordeste\u201d, acrescentou.<\/p>\n<p>A redu\u00e7\u00e3o no percentual de cat\u00f3licos ocorreu em todas as regi\u00f5es, tendo sido mais intensa no Norte, ber\u00e7o da igreja Assembleia de Deus (de 71,3% para 60,6%), enquanto os evang\u00e9licos aumentaram sua representatividade nessa regi\u00e3o, de 19,8% para 28,5%. Entre os estados, o menor percentual de cat\u00f3licos foi encontrado no Rio de Janeiro (45,8%) e o maior no Piau\u00ed, com 85,1%.<\/p>\n<p>Thais Leit\u00e3o<br \/>\nRep\u00f3rter da Ag\u00eancia Brasil<br \/>\nEdi\u00e7\u00e3o: Talita Cavalcante<\/p>\n","protected":false},"excerpt":{"rendered":"<p>Rio de Janeiro &#8211; O n\u00famero de brasileiros que se declaram cat\u00f3licos continua em queda. Nos \u00faltimos 20 anos a diminui\u00e7\u00e3o desse contingente no total da popula\u00e7\u00e3o do pa\u00eds foi aproximadamente 22%. Em 1991, oito em cada dez brasileiros se diziam pertencentes a essa religi\u00e3o; em 2010, pouco mais de seis fizeram a mesma afirma\u00e7\u00e3o. [&hellip;]<\/p>\n","protected":false},"author":3,"featured_media":19959,"comment_status":"open","ping_status":"closed","sticky":false,"template":"","format":"standard","meta":{"tdm_status":"","tdm_grid_status":"","footnotes":""},"categories":[22,7],"tags":[],"class_list":{"0":"post-39598","1":"post","2":"type-post","3":"status-publish","4":"format-standard","5":"has-post-thumbnail","7":"category-brasil","8":"category-economia"},"_links":{"self":[{"href":"https:\/\/migracao.redenoticia.com.br\/noticia\/wp-json\/wp\/v2\/posts\/39598","targetHints":{"allow":["GET"]}}],"collection":[{"href":"https:\/\/migracao.redenoticia.com.br\/noticia\/wp-json\/wp\/v2\/posts"}],"about":[{"href":"https:\/\/migracao.redenoticia.com.br\/noticia\/wp-json\/wp\/v2\/types\/post"}],"author":[{"embeddable":true,"href":"https:\/\/migracao.redenoticia.com.br\/noticia\/wp-json\/wp\/v2\/users\/3"}],"replies":[{"embeddable":true,"href":"https:\/\/migracao.redenoticia.com.br\/noticia\/wp-json\/wp\/v2\/comments?post=39598"}],"version-history":[{"count":0,"href":"https:\/\/migracao.redenoticia.com.br\/noticia\/wp-json\/wp\/v2\/posts\/39598\/revisions"}],"wp:featuredmedia":[{"embeddable":true,"href":"https:\/\/migracao.redenoticia.com.br\/noticia\/wp-json\/wp\/v2\/media\/19959"}],"wp:attachment":[{"href":"https:\/\/migracao.redenoticia.com.br\/noticia\/wp-json\/wp\/v2\/media?parent=39598"}],"wp:term":[{"taxonomy":"category","embeddable":true,"href":"https:\/\/migracao.redenoticia.com.br\/noticia\/wp-json\/wp\/v2\/categories?post=39598"},{"taxonomy":"post_tag","embeddable":true,"href":"https:\/\/migracao.redenoticia.com.br\/noticia\/wp-json\/wp\/v2\/tags?post=39598"}],"curies":[{"name":"wp","href":"https:\/\/api.w.org\/{rel}","templated":true}]}}