{"id":39631,"date":"2012-07-02T09:32:54","date_gmt":"2012-07-02T12:32:54","guid":{"rendered":"http:\/\/www.redenoticia.com.br\/noticia\/?p=39631"},"modified":"2012-07-04T13:43:18","modified_gmt":"2012-07-04T16:43:18","slug":"sisu-aprovados-em-21-federais-tem-o-direito-a-matricula-garantido","status":"publish","type":"post","link":"https:\/\/migracao.redenoticia.com.br\/noticia\/2012\/sisu-aprovados-em-21-federais-tem-o-direito-a-matricula-garantido\/39631","title":{"rendered":"Sisu: aprovados em 21 federais t\u00eam o direito \u00e0 matr\u00edcula garantido"},"content":{"rendered":"<p><img loading=\"lazy\" decoding=\"async\" class=\"alignleft size-full wp-image-22752\" title=\"sisu enem mec\" src=\"https:\/\/migracao.redenoticia.com.br\/noticia\/imagens\/sisu-enem-mec.jpg\" alt=\"\" width=\"300\" height=\"193\" srcset=\"https:\/\/migracao.redenoticia.com.br\/noticia\/imagens\/sisu-enem-mec.jpg 300w, https:\/\/migracao.redenoticia.com.br\/noticia\/imagens\/sisu-enem-mec-250x161.jpg 250w, https:\/\/migracao.redenoticia.com.br\/noticia\/imagens\/sisu-enem-mec-150x97.jpg 150w\" sizes=\"auto, (max-width: 300px) 100vw, 300px\" \/>No primeiro dia de <em><strong>matr\u00edculas<\/strong><\/em> dos aprovados pelo Sistema de Sele\u00e7\u00e3o Unificada (<em><strong>Sisu<\/strong><\/em>) do Minist\u00e9rio da Educa\u00e7\u00e3o, foi constado o esfor\u00e7o dos reitores para assegurar o direito dos estudantes em 21 universidades federais que oferecem vagas para este segundo semestre. O MEC faz o acompanhamento das matr\u00edculas, caso a caso, e orienta as universidades que enfrentam problemas mais agudos com o movimento grevista dos funcion\u00e1rios para que lancem m\u00e3o do sistema eletr\u00f4nico de matr\u00edculas \u2014 pela internet.<\/p>\n<p>Balan\u00e7o realizado nesta sexta-feira, 29, apontou problemas nas universidades federais do Cear\u00e1, do Rec\u00f4ncavo da Bahia e do Piau\u00ed e em alguns c\u00e2mpus da Universidade Federal de Tocantins e da Universidade Tecnol\u00f3gica Federal do Paran\u00e1. Os estudantes devem ficar atentos ao prazo de matr\u00edcula, que vai at\u00e9 9 de julho. Eles t\u00eam \u00e0 disposi\u00e7\u00e3o a Central de Atendimento do MEC, com o telefone 0800-616161, para ajuda e mais informa\u00e7\u00f5es.<\/p>\n<p>Para este segundo semestre, a oferta \u00e9 de 30.548 vagas em 56 institui\u00e7\u00f5es p\u00fablicas de educa\u00e7\u00e3o superior. S\u00e3o 23.379 vagas distribu\u00eddas em 21 universidades federais; 6.343 em 27 institutos federais de educa\u00e7\u00e3o, ci\u00eancia e tecnologia e outras 826 em oito institui\u00e7\u00f5es estaduais participantes do sistema.<\/p>\n<p>MEC &#8211; Assessoria de Comunica\u00e7\u00e3o Social<\/p>\n","protected":false},"excerpt":{"rendered":"<p>No primeiro dia de matr\u00edculas dos aprovados pelo Sistema de Sele\u00e7\u00e3o Unificada (Sisu) do Minist\u00e9rio da Educa\u00e7\u00e3o, foi constado o esfor\u00e7o dos reitores para assegurar o direito dos estudantes em 21 universidades federais que oferecem vagas para este segundo semestre. O MEC faz o acompanhamento das matr\u00edculas, caso a caso, e orienta as universidades que [&hellip;]<\/p>\n","protected":false},"author":3,"featured_media":22752,"comment_status":"open","ping_status":"closed","sticky":false,"template":"","format":"standard","meta":{"tdm_status":"","tdm_grid_status":"","footnotes":""},"categories":[22,370,295],"tags":[],"class_list":{"0":"post-39631","1":"post","2":"type-post","3":"status-publish","4":"format-standard","5":"has-post-thumbnail","7":"category-brasil","8":"category-inscricao","9":"category-vestibular"},"_links":{"self":[{"href":"https:\/\/migracao.redenoticia.com.br\/noticia\/wp-json\/wp\/v2\/posts\/39631","targetHints":{"allow":["GET"]}}],"collection":[{"href":"https:\/\/migracao.redenoticia.com.br\/noticia\/wp-json\/wp\/v2\/posts"}],"about":[{"href":"https:\/\/migracao.redenoticia.com.br\/noticia\/wp-json\/wp\/v2\/types\/post"}],"author":[{"embeddable":true,"href":"https:\/\/migracao.redenoticia.com.br\/noticia\/wp-json\/wp\/v2\/users\/3"}],"replies":[{"embeddable":true,"href":"https:\/\/migracao.redenoticia.com.br\/noticia\/wp-json\/wp\/v2\/comments?post=39631"}],"version-history":[{"count":0,"href":"https:\/\/migracao.redenoticia.com.br\/noticia\/wp-json\/wp\/v2\/posts\/39631\/revisions"}],"wp:featuredmedia":[{"embeddable":true,"href":"https:\/\/migracao.redenoticia.com.br\/noticia\/wp-json\/wp\/v2\/media\/22752"}],"wp:attachment":[{"href":"https:\/\/migracao.redenoticia.com.br\/noticia\/wp-json\/wp\/v2\/media?parent=39631"}],"wp:term":[{"taxonomy":"category","embeddable":true,"href":"https:\/\/migracao.redenoticia.com.br\/noticia\/wp-json\/wp\/v2\/categories?post=39631"},{"taxonomy":"post_tag","embeddable":true,"href":"https:\/\/migracao.redenoticia.com.br\/noticia\/wp-json\/wp\/v2\/tags?post=39631"}],"curies":[{"name":"wp","href":"https:\/\/api.w.org\/{rel}","templated":true}]}}