{"id":39645,"date":"2012-07-03T17:27:06","date_gmt":"2012-07-03T20:27:06","guid":{"rendered":"http:\/\/www.redenoticia.com.br\/noticia\/?p=39645"},"modified":"2012-07-03T17:27:06","modified_gmt":"2012-07-03T20:27:06","slug":"queda-na-producao-afeta-mais-da-metade-dos-setores-industriais","status":"publish","type":"post","link":"https:\/\/migracao.redenoticia.com.br\/noticia\/2012\/queda-na-producao-afeta-mais-da-metade-dos-setores-industriais\/39645","title":{"rendered":"Queda na produ\u00e7\u00e3o afeta mais da metade dos setores industriais"},"content":{"rendered":"<p><img loading=\"lazy\" decoding=\"async\" class=\"alignleft size-full wp-image-19959\" title=\"cesgranrio concurso ibge\" src=\"https:\/\/migracao.redenoticia.com.br\/noticia\/imagens\/gabarito-concurso-ibge.jpg\" alt=\"\" width=\"300\" height=\"193\" srcset=\"https:\/\/migracao.redenoticia.com.br\/noticia\/imagens\/gabarito-concurso-ibge.jpg 300w, https:\/\/migracao.redenoticia.com.br\/noticia\/imagens\/gabarito-concurso-ibge-250x160.jpg 250w, https:\/\/migracao.redenoticia.com.br\/noticia\/imagens\/gabarito-concurso-ibge-150x96.jpg 150w\" sizes=\"auto, (max-width: 300px) 100vw, 300px\" \/>Rio de Janeiro &#8211; O comportamento da<em><strong> ind\u00fastria<\/strong> <\/em>entre os meses de abril e maio mostra um perfil de quedas disseminadas, com produ\u00e7\u00e3o menor em 14 das 27 atividades pesquisadas. A avalia\u00e7\u00e3o \u00e9 de Andr\u00e9 Macedo, gerente da Pesquisa Industrial Mensal Produ\u00e7\u00e3o F\u00edsica \u2013 Brasil, divulgada hoje (3) pelo Instituto Brasileiro de Geografia e Estat\u00edstica (IBGE).<\/p>\n<p>Segundo ele, as medidas adotadas pelo governo para estimular a ind\u00fastria nacional tiveram reflexos pontuais e beneficiaram determinados setores, mas ainda n\u00e3o foram suficientes para reverter o quadro desfavor\u00e1vel.<\/p>\n<p>Os dados da pesquisa revelam que, na passagem de um m\u00eas para o outro, a produ\u00e7\u00e3o industrial caiu 0,9%, apresentando o terceiro resultado negativo consecutivo neste tipo de compara\u00e7\u00e3o. Em rela\u00e7\u00e3o ao mesmo per\u00edodo de 2011, houve queda de 4,3%, a mais intensa desde setembro e 2009 (-7,6%).<\/p>\n<p>\u201cAs medidas mais recentes do governo t\u00eam at\u00e9 reflexos positivos em determinados segmentos, como os eletrodom\u00e9sticos de linha branca [geladeira e m\u00e1quina de lavar, por exemplo] e mobili\u00e1rio, mas de uma forma geral permanece o comportamento predominantemente negativo da ind\u00fastria como um todo, seja porque os setores ainda t\u00eam n\u00edveis de estoques acima do seu padr\u00e3o usual, pelos patamares elevados de inadimpl\u00eancia ou pelo comprometimento da renda das fam\u00edlias\u201d, explicou.<\/p>\n<p>Macedo destacou ainda que o setor de ve\u00edculos automotores \u00e9 o que exerce o principal impacto negativo, qualquer que seja o tipo de compara\u00e7\u00e3o. Entre os meses de abril e maio, a atividade caiu 4,5% e, em rela\u00e7\u00e3o a maio de 2011 a queda alcan\u00e7ou 16,8%.<\/p>\n<p>\u201cA redu\u00e7\u00e3o do IPI [Imposto sobre Produtos Industrializados] para os autom\u00f3veis foi a mais recente implementada pelo governo e come\u00e7ou a vigorar a partir de maio, por isso ainda n\u00e3o se observa, nesses n\u00fameros, nenhum tipo de reflexo no segmento\u201d, acrescentou.<\/p>\n<p>Thais Leit\u00e3o<br \/>\nRep\u00f3rter da Ag\u00eancia Brasil<br \/>\nEdi\u00e7\u00e3o: Davi Oliveira<\/p>\n","protected":false},"excerpt":{"rendered":"<p>Rio de Janeiro &#8211; O comportamento da ind\u00fastria entre os meses de abril e maio mostra um perfil de quedas disseminadas, com produ\u00e7\u00e3o menor em 14 das 27 atividades pesquisadas. A avalia\u00e7\u00e3o \u00e9 de Andr\u00e9 Macedo, gerente da Pesquisa Industrial Mensal Produ\u00e7\u00e3o F\u00edsica \u2013 Brasil, divulgada hoje (3) pelo Instituto Brasileiro de Geografia e Estat\u00edstica [&hellip;]<\/p>\n","protected":false},"author":3,"featured_media":19959,"comment_status":"open","ping_status":"closed","sticky":false,"template":"","format":"standard","meta":{"tdm_status":"","tdm_grid_status":"","footnotes":""},"categories":[22,7],"tags":[],"class_list":{"0":"post-39645","1":"post","2":"type-post","3":"status-publish","4":"format-standard","5":"has-post-thumbnail","7":"category-brasil","8":"category-economia"},"_links":{"self":[{"href":"https:\/\/migracao.redenoticia.com.br\/noticia\/wp-json\/wp\/v2\/posts\/39645","targetHints":{"allow":["GET"]}}],"collection":[{"href":"https:\/\/migracao.redenoticia.com.br\/noticia\/wp-json\/wp\/v2\/posts"}],"about":[{"href":"https:\/\/migracao.redenoticia.com.br\/noticia\/wp-json\/wp\/v2\/types\/post"}],"author":[{"embeddable":true,"href":"https:\/\/migracao.redenoticia.com.br\/noticia\/wp-json\/wp\/v2\/users\/3"}],"replies":[{"embeddable":true,"href":"https:\/\/migracao.redenoticia.com.br\/noticia\/wp-json\/wp\/v2\/comments?post=39645"}],"version-history":[{"count":0,"href":"https:\/\/migracao.redenoticia.com.br\/noticia\/wp-json\/wp\/v2\/posts\/39645\/revisions"}],"wp:featuredmedia":[{"embeddable":true,"href":"https:\/\/migracao.redenoticia.com.br\/noticia\/wp-json\/wp\/v2\/media\/19959"}],"wp:attachment":[{"href":"https:\/\/migracao.redenoticia.com.br\/noticia\/wp-json\/wp\/v2\/media?parent=39645"}],"wp:term":[{"taxonomy":"category","embeddable":true,"href":"https:\/\/migracao.redenoticia.com.br\/noticia\/wp-json\/wp\/v2\/categories?post=39645"},{"taxonomy":"post_tag","embeddable":true,"href":"https:\/\/migracao.redenoticia.com.br\/noticia\/wp-json\/wp\/v2\/tags?post=39645"}],"curies":[{"name":"wp","href":"https:\/\/api.w.org\/{rel}","templated":true}]}}