{"id":39680,"date":"2012-07-05T12:08:42","date_gmt":"2012-07-05T15:08:42","guid":{"rendered":"http:\/\/www.redenoticia.com.br\/noticia\/?p=39680"},"modified":"2012-07-09T14:39:40","modified_gmt":"2012-07-09T17:39:40","slug":"unesp-tera-bacharelado-em-artes-cenicas","status":"publish","type":"post","link":"https:\/\/migracao.redenoticia.com.br\/noticia\/2012\/unesp-tera-bacharelado-em-artes-cenicas\/39680","title":{"rendered":"Unesp ter\u00e1 bacharelado em Artes C\u00eanicas"},"content":{"rendered":"<p><img loading=\"lazy\" decoding=\"async\" class=\"alignleft size-full wp-image-27918\" title=\"virada cultural sp\" src=\"https:\/\/migracao.redenoticia.com.br\/noticia\/imagens\/virada-cultural-sp-2010.jpg\" alt=\"\" width=\"300\" height=\"193\" srcset=\"https:\/\/migracao.redenoticia.com.br\/noticia\/imagens\/virada-cultural-sp-2010.jpg 300w, https:\/\/migracao.redenoticia.com.br\/noticia\/imagens\/virada-cultural-sp-2010-250x160.jpg 250w, https:\/\/migracao.redenoticia.com.br\/noticia\/imagens\/virada-cultural-sp-2010-150x96.jpg 150w\" sizes=\"auto, (max-width: 300px) 100vw, 300px\" \/>Ag\u00eancia FAPESP \u2013 O conselho universit\u00e1rio da Universidade Estadual Paulista (<em><strong>Unesp<\/strong><\/em>) aprovou a proposta de cria\u00e7\u00e3o do <em><strong>curso de bacharelado em Artes C\u00eanicas<\/strong><\/em> \u2013 Habilita\u00e7\u00e3o em interpreta\u00e7\u00e3o teatral. A nova gradua\u00e7\u00e3o ser\u00e1 ministrada no Instituto de Artes (IA), em S\u00e3o Paulo, com 30 vagas no per\u00edodo diurno.<\/p>\n<p>De acordo com a Unesp, a implanta\u00e7\u00e3o do curso tem por objetivo tornar o IA um polo produtor de teatro, valorizando o papel do pesquisador por meio da incorpora\u00e7\u00e3o cr\u00edtica das inova\u00e7\u00f5es est\u00e9ticas, tecnol\u00f3gicas e pedag\u00f3gicas em rela\u00e7\u00e3o ao teatro e seus meios de produ\u00e7\u00e3o.<\/p>\n<p>Os alunos formados dever\u00e3o ter familiaridade com diferentes linguagens c\u00eanicas e possuir conhecimentos acerca de t\u00e9cnicas e processos metodol\u00f3gicos de interpreta\u00e7\u00e3o, jogos teatrais, improvisa\u00e7\u00e3o, uso expressivo do corpo e voz.<\/p>\n<p>O profissional graduado em interpreta\u00e7\u00e3o teatral, al\u00e9m do trabalho de ator no teatro, poder\u00e1 tamb\u00e9m atuar na televis\u00e3o, no cinema, em outras \u00e1reas de produ\u00e7\u00e3o c\u00eanica e se dedicar \u00e0 pesquisa acad\u00eamica.<\/p>\n<p>O conselho da Unesp tamb\u00e9m aprovou a reestrutura\u00e7\u00e3o do curr\u00edculo do curso de Licenciatura em Arte \u2013 Teatro do IA, que, no vestibular 2013, passar\u00e1 a ser oferecido no per\u00edodo noturno. Ter\u00e1 tamb\u00e9m dez vagas a mais, passando para 30. As mudan\u00e7as visam uma maior integra\u00e7\u00e3o entre disciplinas espec\u00edficas de teatro e as do campo pedag\u00f3gico.<\/p>\n<p>O curso de Licenciatura em Educa\u00e7\u00e3o Art\u00edstica, da Faculdade de Arquitetura, Artes e Comunica\u00e7\u00e3o (Faac), campus de Bauru, tamb\u00e9m teve sua reestrutura\u00e7\u00e3o aprovada pelo conselho. Com as mudan\u00e7as, passa a se chamar Licenciatura em Artes Visuais, criando uma identidade entre este e o curso de mesma nomenclatura oferecido pelo IA.<\/p>\n<p>Mais informa\u00e7\u00f5es: <a href=\"http:\/\/www.unesp.br\/\" target=\"_blank\">www.unesp.br<\/a>.<\/p>\n","protected":false},"excerpt":{"rendered":"<p>Ag\u00eancia FAPESP \u2013 O conselho universit\u00e1rio da Universidade Estadual Paulista (Unesp) aprovou a proposta de cria\u00e7\u00e3o do curso de bacharelado em Artes C\u00eanicas \u2013 Habilita\u00e7\u00e3o em interpreta\u00e7\u00e3o teatral. A nova gradua\u00e7\u00e3o ser\u00e1 ministrada no Instituto de Artes (IA), em S\u00e3o Paulo, com 30 vagas no per\u00edodo diurno. De acordo com a Unesp, a implanta\u00e7\u00e3o do [&hellip;]<\/p>\n","protected":false},"author":3,"featured_media":27918,"comment_status":"open","ping_status":"closed","sticky":false,"template":"","format":"standard","meta":{"tdm_status":"","tdm_grid_status":"","footnotes":""},"categories":[22,370,295],"tags":[],"class_list":{"0":"post-39680","1":"post","2":"type-post","3":"status-publish","4":"format-standard","5":"has-post-thumbnail","7":"category-brasil","8":"category-inscricao","9":"category-vestibular"},"_links":{"self":[{"href":"https:\/\/migracao.redenoticia.com.br\/noticia\/wp-json\/wp\/v2\/posts\/39680","targetHints":{"allow":["GET"]}}],"collection":[{"href":"https:\/\/migracao.redenoticia.com.br\/noticia\/wp-json\/wp\/v2\/posts"}],"about":[{"href":"https:\/\/migracao.redenoticia.com.br\/noticia\/wp-json\/wp\/v2\/types\/post"}],"author":[{"embeddable":true,"href":"https:\/\/migracao.redenoticia.com.br\/noticia\/wp-json\/wp\/v2\/users\/3"}],"replies":[{"embeddable":true,"href":"https:\/\/migracao.redenoticia.com.br\/noticia\/wp-json\/wp\/v2\/comments?post=39680"}],"version-history":[{"count":0,"href":"https:\/\/migracao.redenoticia.com.br\/noticia\/wp-json\/wp\/v2\/posts\/39680\/revisions"}],"wp:featuredmedia":[{"embeddable":true,"href":"https:\/\/migracao.redenoticia.com.br\/noticia\/wp-json\/wp\/v2\/media\/27918"}],"wp:attachment":[{"href":"https:\/\/migracao.redenoticia.com.br\/noticia\/wp-json\/wp\/v2\/media?parent=39680"}],"wp:term":[{"taxonomy":"category","embeddable":true,"href":"https:\/\/migracao.redenoticia.com.br\/noticia\/wp-json\/wp\/v2\/categories?post=39680"},{"taxonomy":"post_tag","embeddable":true,"href":"https:\/\/migracao.redenoticia.com.br\/noticia\/wp-json\/wp\/v2\/tags?post=39680"}],"curies":[{"name":"wp","href":"https:\/\/api.w.org\/{rel}","templated":true}]}}