{"id":39681,"date":"2012-07-05T10:12:20","date_gmt":"2012-07-05T13:12:20","guid":{"rendered":"http:\/\/www.redenoticia.com.br\/noticia\/?p=39681"},"modified":"2012-07-05T18:14:42","modified_gmt":"2012-07-05T21:14:42","slug":"prouni-resultado-da-primeira-chamada","status":"publish","type":"post","link":"https:\/\/migracao.redenoticia.com.br\/noticia\/2012\/prouni-resultado-da-primeira-chamada\/39681","title":{"rendered":"ProUni: resultado da primeira chamada"},"content":{"rendered":"<p><img loading=\"lazy\" decoding=\"async\" class=\"alignleft size-full wp-image-23011\" title=\"prouni resultado inscricao\" src=\"https:\/\/migracao.redenoticia.com.br\/noticia\/imagens\/prouni-inscricao.jpg\" alt=\"\" width=\"300\" height=\"193\" srcset=\"https:\/\/migracao.redenoticia.com.br\/noticia\/imagens\/prouni-inscricao.jpg 300w, https:\/\/migracao.redenoticia.com.br\/noticia\/imagens\/prouni-inscricao-250x160.jpg 250w, https:\/\/migracao.redenoticia.com.br\/noticia\/imagens\/prouni-inscricao-150x96.jpg 150w\" sizes=\"auto, (max-width: 300px) 100vw, 300px\" \/>Os candidatos a bolsas de estudos do Programa Universidade para Todos (<em><strong>ProUni<\/strong><\/em>) em institui\u00e7\u00f5es particulares de educa\u00e7\u00e3o superior j\u00e1 podem conferir, pela internet, o resultado da primeira chamada relativa a este segundo semestre. O estudante pr\u00e9-selecionado tem at\u00e9 o dia 13 para comparecer \u00e0 institui\u00e7\u00e3o de ensino em que vai estudar para apresentar a documenta\u00e7\u00e3o e providenciar a matr\u00edcula.<\/p>\n<p>No dia 20, haver\u00e1 uma segunda chamada, com prazo para matr\u00edcula e comprova\u00e7\u00e3o de informa\u00e7\u00f5es at\u00e9 o dia 26.<\/p>\n<p>Ao fim das duas chamadas, os candidatos n\u00e3o pr\u00e9-selecionados ou aqueles que foram pr\u00e9-selecionados em cursos sem forma\u00e7\u00e3o de turma podem pedir inclus\u00e3o na lista de espera do programa. Ela ser\u00e1 usada pelas institui\u00e7\u00f5es participantes do ProUni para a concess\u00e3o das bolsas ainda n\u00e3o ocupadas. O per\u00edodo para manifesta\u00e7\u00e3o de interesse na lista ir\u00e1 de 2 a 4 de agosto pr\u00f3ximo. Ao fim desse prazo, a partir de 7 de agosto, ser\u00e3o feitas as convoca\u00e7\u00f5es dos integrantes.<\/p>\n<p>Neste semestre, o ProUni registrou 456.973 candidatos e 874.273 inscri\u00e7\u00f5es \u2014 cada estudante teve o direito de fazer at\u00e9 duas op\u00e7\u00f5es de cursos. A oferta \u00e9 de 90.311 bolsas de estudos de gradua\u00e7\u00e3o em 1.316 institui\u00e7\u00f5es particulares de educa\u00e7\u00e3o superior de todo o pa\u00eds. O n\u00famero de cursos chega a 322.<\/p>\n<p>Puderam se candidatar \u00e0s 52.487 bolsas integrais estudantes com renda familiar, por pessoa, de at\u00e9 um sal\u00e1rio m\u00ednimo e meio (R$ 933). As 37.824 bolsas parciais (50% da mensalidade) foram destinadas a candidatos com renda familiar de at\u00e9 tr\u00eas sal\u00e1rios m\u00ednimos (R$ 1.866) por pessoa. As unidades da Federa\u00e7\u00e3o com maior n\u00famero de inscritos foram S\u00e3o Paulo (132.220), Minas Gerais (117.175), Bahia (72.233), Rio de Janeiro (64.776) e Rio Grande do Sul (62.585).<\/p>\n<p>Criado em 2004 pelo Minist\u00e9rio da Educa\u00e7\u00e3o, o ProUni j\u00e1 ofereceu mais de 1 milh\u00e3o de bolsas de estudos em cursos de gradua\u00e7\u00e3o e sequenciais de forma\u00e7\u00e3o espec\u00edfica.<\/p>\n<p>Assessoria de Comunica\u00e7\u00e3o Social<\/p>\n<p>Confira o\u00a0<a href=\"http:\/\/prounialuno.mec.gov.br\/?c=3\" target=\"_blank\">resultado<\/a>\u00a0da primeira chamada e o\u00a0<a href=\"http:\/\/siteprouni.mec.gov.br\/cronograma.php\" target=\"_blank\">cronograma<\/a>\u00a0do\u00a0<a href=\"http:\/\/siteprouni.mec.gov.br\/\" target=\"_blank\">ProUni<\/a>\u00a0na internet<\/p>\n","protected":false},"excerpt":{"rendered":"<p>Os candidatos a bolsas de estudos do Programa Universidade para Todos (ProUni) em institui\u00e7\u00f5es particulares de educa\u00e7\u00e3o superior j\u00e1 podem conferir, pela internet, o resultado da primeira chamada relativa a este segundo semestre. O estudante pr\u00e9-selecionado tem at\u00e9 o dia 13 para comparecer \u00e0 institui\u00e7\u00e3o de ensino em que vai estudar para apresentar a documenta\u00e7\u00e3o [&hellip;]<\/p>\n","protected":false},"author":3,"featured_media":23011,"comment_status":"open","ping_status":"closed","sticky":false,"template":"","format":"standard","meta":{"tdm_status":"","tdm_grid_status":"","footnotes":""},"categories":[22,370,295],"tags":[],"class_list":{"0":"post-39681","1":"post","2":"type-post","3":"status-publish","4":"format-standard","5":"has-post-thumbnail","7":"category-brasil","8":"category-inscricao","9":"category-vestibular"},"_links":{"self":[{"href":"https:\/\/migracao.redenoticia.com.br\/noticia\/wp-json\/wp\/v2\/posts\/39681","targetHints":{"allow":["GET"]}}],"collection":[{"href":"https:\/\/migracao.redenoticia.com.br\/noticia\/wp-json\/wp\/v2\/posts"}],"about":[{"href":"https:\/\/migracao.redenoticia.com.br\/noticia\/wp-json\/wp\/v2\/types\/post"}],"author":[{"embeddable":true,"href":"https:\/\/migracao.redenoticia.com.br\/noticia\/wp-json\/wp\/v2\/users\/3"}],"replies":[{"embeddable":true,"href":"https:\/\/migracao.redenoticia.com.br\/noticia\/wp-json\/wp\/v2\/comments?post=39681"}],"version-history":[{"count":0,"href":"https:\/\/migracao.redenoticia.com.br\/noticia\/wp-json\/wp\/v2\/posts\/39681\/revisions"}],"wp:featuredmedia":[{"embeddable":true,"href":"https:\/\/migracao.redenoticia.com.br\/noticia\/wp-json\/wp\/v2\/media\/23011"}],"wp:attachment":[{"href":"https:\/\/migracao.redenoticia.com.br\/noticia\/wp-json\/wp\/v2\/media?parent=39681"}],"wp:term":[{"taxonomy":"category","embeddable":true,"href":"https:\/\/migracao.redenoticia.com.br\/noticia\/wp-json\/wp\/v2\/categories?post=39681"},{"taxonomy":"post_tag","embeddable":true,"href":"https:\/\/migracao.redenoticia.com.br\/noticia\/wp-json\/wp\/v2\/tags?post=39681"}],"curies":[{"name":"wp","href":"https:\/\/api.w.org\/{rel}","templated":true}]}}