{"id":39686,"date":"2012-07-06T11:20:29","date_gmt":"2012-07-06T14:20:29","guid":{"rendered":"http:\/\/www.redenoticia.com.br\/noticia\/?p=39686"},"modified":"2012-07-06T11:20:29","modified_gmt":"2012-07-06T14:20:29","slug":"propaganda-eleitoral-2012-esta-liberada","status":"publish","type":"post","link":"https:\/\/migracao.redenoticia.com.br\/noticia\/2012\/propaganda-eleitoral-2012-esta-liberada\/39686","title":{"rendered":"Propaganda eleitoral 2012 est\u00e1 liberada"},"content":{"rendered":"<p><img loading=\"lazy\" decoding=\"async\" class=\"alignleft size-full wp-image-37419\" title=\"computador tecnologia\" src=\"https:\/\/migracao.redenoticia.com.br\/noticia\/imagens\/computador-tecnologia.jpg\" alt=\"\" width=\"300\" height=\"193\" srcset=\"https:\/\/migracao.redenoticia.com.br\/noticia\/imagens\/computador-tecnologia.jpg 300w, https:\/\/migracao.redenoticia.com.br\/noticia\/imagens\/computador-tecnologia-250x161.jpg 250w, https:\/\/migracao.redenoticia.com.br\/noticia\/imagens\/computador-tecnologia-150x97.jpg 150w\" sizes=\"auto, (max-width: 300px) 100vw, 300px\" \/>Bras\u00edlia &#8211; A <em><strong>propaganda eleitoral<\/strong> <\/em>dos candidatos a prefeito, vice-prefeito e vereador nas elei\u00e7\u00f5es de outubro est\u00e1 permitida a partir desta sexta-feira (6). Os com\u00edcios podem ser feitos das 8h \u00e0s 24h. Os partidos pol\u00edticos e as coliga\u00e7\u00f5es podem usar, ente as 8h e as 22h, alto-falantes e amplificadores de som nas sedes ou em ve\u00edculos. De acordo com a Lei das Elei\u00e7\u00f5es, est\u00e1 liberada tamb\u00e9m a propaganda eleitoral na internet, mas est\u00e1 proibida a veicula\u00e7\u00e3o de qualquer tipo de propaganda paga.<\/p>\n<p>Essa propaganda \u00e9 permitida nos sites do candidato, do partido ou coliga\u00e7\u00e3o, com endere\u00e7os eletr\u00f4nicos informados \u00e0 Justi\u00e7a Eleitoral e hospedados em provedor no Brasil.<\/p>\n<p>Podem ser usados ainda blogs, redes sociais e sites de mensagens instant\u00e2neas.<\/p>\n<p>A propaganda eleitoral no r\u00e1dio e na televis\u00e3o, no entanto, s\u00f3 come\u00e7a dia 21 de agosto e vai at\u00e9 o dia 4 de outubro, tr\u00eas dias antes do primeiro turno de vota\u00e7\u00f5es. Nas localidades em que houver segundo turno, o dia ser\u00e1 28 de outubro.<\/p>\n<p>A partir de amanh\u00e3 (7), estar\u00e1 proibida a contrata\u00e7\u00e3o de shows art\u00edsticos pagos com recursos p\u00fablicos. A partir dessa data tamb\u00e9m \u00e9 proibido que candidatos compare\u00e7am a inaugura\u00e7\u00f5es de obras p\u00fablicas.<\/p>\n<p>Dia 18 de Julho termina o prazo para que candidatos, partidos pol\u00edticos, coliga\u00e7\u00f5es e o Minist\u00e9rio P\u00fablico Eleitoral impugnem candidaturas, conforme determina a Lei Complementar n\u00ba 64\/1.990.<\/p>\n<p>Os eleitores fora do domic\u00edlio eleitoral t\u00eam at\u00e9 o dia 8 de agosto para requerer a segunda via do t\u00edtulo de eleitor.<\/p>\n<p>Da Ag\u00eancia Brasil<br \/>\nEdi\u00e7\u00e3o: Talita Cavalcante<\/p>\n","protected":false},"excerpt":{"rendered":"<p>Bras\u00edlia &#8211; A propaganda eleitoral dos candidatos a prefeito, vice-prefeito e vereador nas elei\u00e7\u00f5es de outubro est\u00e1 permitida a partir desta sexta-feira (6). Os com\u00edcios podem ser feitos das 8h \u00e0s 24h. Os partidos pol\u00edticos e as coliga\u00e7\u00f5es podem usar, ente as 8h e as 22h, alto-falantes e amplificadores de som nas sedes ou em [&hellip;]<\/p>\n","protected":false},"author":3,"featured_media":37419,"comment_status":"open","ping_status":"closed","sticky":false,"template":"","format":"standard","meta":{"tdm_status":"","tdm_grid_status":"","footnotes":""},"categories":[22],"tags":[],"class_list":{"0":"post-39686","1":"post","2":"type-post","3":"status-publish","4":"format-standard","5":"has-post-thumbnail","7":"category-brasil"},"_links":{"self":[{"href":"https:\/\/migracao.redenoticia.com.br\/noticia\/wp-json\/wp\/v2\/posts\/39686","targetHints":{"allow":["GET"]}}],"collection":[{"href":"https:\/\/migracao.redenoticia.com.br\/noticia\/wp-json\/wp\/v2\/posts"}],"about":[{"href":"https:\/\/migracao.redenoticia.com.br\/noticia\/wp-json\/wp\/v2\/types\/post"}],"author":[{"embeddable":true,"href":"https:\/\/migracao.redenoticia.com.br\/noticia\/wp-json\/wp\/v2\/users\/3"}],"replies":[{"embeddable":true,"href":"https:\/\/migracao.redenoticia.com.br\/noticia\/wp-json\/wp\/v2\/comments?post=39686"}],"version-history":[{"count":0,"href":"https:\/\/migracao.redenoticia.com.br\/noticia\/wp-json\/wp\/v2\/posts\/39686\/revisions"}],"wp:featuredmedia":[{"embeddable":true,"href":"https:\/\/migracao.redenoticia.com.br\/noticia\/wp-json\/wp\/v2\/media\/37419"}],"wp:attachment":[{"href":"https:\/\/migracao.redenoticia.com.br\/noticia\/wp-json\/wp\/v2\/media?parent=39686"}],"wp:term":[{"taxonomy":"category","embeddable":true,"href":"https:\/\/migracao.redenoticia.com.br\/noticia\/wp-json\/wp\/v2\/categories?post=39686"},{"taxonomy":"post_tag","embeddable":true,"href":"https:\/\/migracao.redenoticia.com.br\/noticia\/wp-json\/wp\/v2\/tags?post=39686"}],"curies":[{"name":"wp","href":"https:\/\/api.w.org\/{rel}","templated":true}]}}