{"id":39687,"date":"2012-07-06T10:20:50","date_gmt":"2012-07-06T13:20:50","guid":{"rendered":"http:\/\/www.redenoticia.com.br\/noticia\/?p=39687"},"modified":"2012-07-06T11:24:11","modified_gmt":"2012-07-06T14:24:11","slug":"provas-do-saresp-acontecem-em-27-e-28-de-novembro","status":"publish","type":"post","link":"https:\/\/migracao.redenoticia.com.br\/noticia\/2012\/provas-do-saresp-acontecem-em-27-e-28-de-novembro\/39687","title":{"rendered":"Provas do Saresp acontecem em 27 e 28 de novembro"},"content":{"rendered":"<p><img loading=\"lazy\" decoding=\"async\" class=\"alignleft size-full wp-image-34749\" title=\"professor\" src=\"https:\/\/migracao.redenoticia.com.br\/noticia\/imagens\/professor1.jpg\" alt=\"\" width=\"300\" height=\"193\" srcset=\"https:\/\/migracao.redenoticia.com.br\/noticia\/imagens\/professor1.jpg 300w, https:\/\/migracao.redenoticia.com.br\/noticia\/imagens\/professor1-250x160.jpg 250w, https:\/\/migracao.redenoticia.com.br\/noticia\/imagens\/professor1-150x96.jpg 150w\" sizes=\"auto, (max-width: 300px) 100vw, 300px\" \/>As provas do Sistema de Avalia\u00e7\u00e3o de Rendimento Escolar do Estado de S\u00e3o Paulo (<em><strong>Saresp<\/strong><\/em>) j\u00e1 t\u00eam data marcada: dias 27 e 28 de novembro. A informa\u00e7\u00e3o foi divulgada na edi\u00e7\u00e3o desta quinta-feira, 5, do Di\u00e1rio Oficial do Estado pela Secretaria Estadual da Educa\u00e7\u00e3o.<\/p>\n<p>Munic\u00edpios e escolas particulares interessados em participar da avalia\u00e7\u00e3o t\u00eam at\u00e9 o dia 22 de julho para preencher o termo de ades\u00e3o dispon\u00edvel no portal da Secretaria da Educa\u00e7\u00e3o, no link Saresp 2012.<\/p>\n<p>O exame \u00e9 voltado a estudantes dos 3\u00ba, 5\u00ba, 7\u00ba e 9\u00ba anos do Ensino Fundamental e da 3\u00aa s\u00e9rie do Ensino M\u00e9dio da rede estadual, al\u00e9m de alunos de escolas municipais e particulares que aderirem \u00e0 avalia\u00e7\u00e3o. O objetivo \u00e9 aferir o dom\u00ednio das compet\u00eancias e habilidades b\u00e1sicas em l\u00edngua portuguesa e matem\u00e1tica previstas para o t\u00e9rmino de cada ano\/s\u00e9rie.<\/p>\n<p>Tamb\u00e9m ser\u00e3o aplicadas avalia\u00e7\u00f5es de ci\u00eancias para alunos dos 7\u00ba e 9\u00ba anos do Ensino Fundamental e de ci\u00eancias da natureza (biologia, f\u00edsica e qu\u00edmica) para alunos da 3\u00aa s\u00e9rie do Ensino M\u00e9dio da rede estadual.<\/p>\n<p>Do Portal do Governo do Estado<\/p>\n","protected":false},"excerpt":{"rendered":"<p>As provas do Sistema de Avalia\u00e7\u00e3o de Rendimento Escolar do Estado de S\u00e3o Paulo (Saresp) j\u00e1 t\u00eam data marcada: dias 27 e 28 de novembro. A informa\u00e7\u00e3o foi divulgada na edi\u00e7\u00e3o desta quinta-feira, 5, do Di\u00e1rio Oficial do Estado pela Secretaria Estadual da Educa\u00e7\u00e3o. Munic\u00edpios e escolas particulares interessados em participar da avalia\u00e7\u00e3o t\u00eam at\u00e9 [&hellip;]<\/p>\n","protected":false},"author":3,"featured_media":34749,"comment_status":"open","ping_status":"closed","sticky":false,"template":"","format":"standard","meta":{"tdm_status":"","tdm_grid_status":"","footnotes":""},"categories":[22],"tags":[],"class_list":{"0":"post-39687","1":"post","2":"type-post","3":"status-publish","4":"format-standard","5":"has-post-thumbnail","7":"category-brasil"},"_links":{"self":[{"href":"https:\/\/migracao.redenoticia.com.br\/noticia\/wp-json\/wp\/v2\/posts\/39687","targetHints":{"allow":["GET"]}}],"collection":[{"href":"https:\/\/migracao.redenoticia.com.br\/noticia\/wp-json\/wp\/v2\/posts"}],"about":[{"href":"https:\/\/migracao.redenoticia.com.br\/noticia\/wp-json\/wp\/v2\/types\/post"}],"author":[{"embeddable":true,"href":"https:\/\/migracao.redenoticia.com.br\/noticia\/wp-json\/wp\/v2\/users\/3"}],"replies":[{"embeddable":true,"href":"https:\/\/migracao.redenoticia.com.br\/noticia\/wp-json\/wp\/v2\/comments?post=39687"}],"version-history":[{"count":0,"href":"https:\/\/migracao.redenoticia.com.br\/noticia\/wp-json\/wp\/v2\/posts\/39687\/revisions"}],"wp:featuredmedia":[{"embeddable":true,"href":"https:\/\/migracao.redenoticia.com.br\/noticia\/wp-json\/wp\/v2\/media\/34749"}],"wp:attachment":[{"href":"https:\/\/migracao.redenoticia.com.br\/noticia\/wp-json\/wp\/v2\/media?parent=39687"}],"wp:term":[{"taxonomy":"category","embeddable":true,"href":"https:\/\/migracao.redenoticia.com.br\/noticia\/wp-json\/wp\/v2\/categories?post=39687"},{"taxonomy":"post_tag","embeddable":true,"href":"https:\/\/migracao.redenoticia.com.br\/noticia\/wp-json\/wp\/v2\/tags?post=39687"}],"curies":[{"name":"wp","href":"https:\/\/api.w.org\/{rel}","templated":true}]}}