{"id":39692,"date":"2012-07-06T11:43:41","date_gmt":"2012-07-06T14:43:41","guid":{"rendered":"http:\/\/www.redenoticia.com.br\/noticia\/?p=39692"},"modified":"2012-07-06T11:43:41","modified_gmt":"2012-07-06T14:43:41","slug":"festa-do-peao-de-barretos-2012-inicia-venda-de-ingressos","status":"publish","type":"post","link":"https:\/\/migracao.redenoticia.com.br\/noticia\/2012\/festa-do-peao-de-barretos-2012-inicia-venda-de-ingressos\/39692","title":{"rendered":"Festa do Pe\u00e3o de Barretos 2012 inicia venda de ingressos"},"content":{"rendered":"<p><img loading=\"lazy\" decoding=\"async\" class=\"alignleft size-full wp-image-39693\" title=\"barretos festa do peao\" src=\"https:\/\/migracao.redenoticia.com.br\/noticia\/imagens\/barretos-festa-do-peao.jpg\" alt=\"\" width=\"300\" height=\"193\" srcset=\"https:\/\/migracao.redenoticia.com.br\/noticia\/imagens\/barretos-festa-do-peao.jpg 300w, https:\/\/migracao.redenoticia.com.br\/noticia\/imagens\/barretos-festa-do-peao-250x160.jpg 250w, https:\/\/migracao.redenoticia.com.br\/noticia\/imagens\/barretos-festa-do-peao-150x96.jpg 150w\" sizes=\"auto, (max-width: 300px) 100vw, 300px\" \/>Come\u00e7ou a venda online e por telefone do primeiro lote de ingressos para a 57\u00aa <em><strong>Festa do Pe\u00e3o de Barretos<\/strong><\/em>, que ser\u00e1 realizada este ano entre os dias 16 e 26 de agosto.\u00a0O interessado poder\u00e1 adquirir atrav\u00e9s dos sites:\u00a0<a href=\"http:\/\/www.independentes.com.br\/\" target=\"_blank\">www.independentes.com.br<\/a>,\u00a0<a href=\"http:\/\/www.lojaindependentes.com.br\/\">www.lojaindependentes.com.br<\/a>\u00a0ou <a href=\"http:\/\/www.ingressorapido.com.br\" target=\"_blank\">www.ingressorapido.com.br<\/a>.<\/p>\n<p>J\u00e1 a compra pelo telefone, realizada pelo Call Center da Ingresso R\u00e1pido, dever\u00e1 ser feita atrav\u00e9s do n\u00famero 4003 1212.<\/p>\n<p>Barretos, 11 dias de cultura, rodeio e entretenimento &#8211; entre as atra\u00e7\u00f5es confirmadas est\u00e3o rodeio e provas \u2013 com disputas nacionais e internacionais -, shows com grandes nomes da m\u00fasica nacional &#8211; como Seu Jorge (16), Fernando &amp; Sorocaba (24), Luan Santana (19), Jorge &amp; Mateus (25), Chit\u00e3ozinho &amp; Xoror\u00f3 (18), Victor &amp; L\u00e9o (17), Daniel (19), Jo\u00e3o Bosco &amp; Vinicius (17), Gustavo Lima (18) -; apresenta\u00e7\u00f5es culturais \u2013 s\u00e3o dois palcos que recebem exclusivamente m\u00fasica raiz e shows que remetem \u00e0 cultura brasileira -; concurso gastron\u00f4mico, preservando a culin\u00e1ria t\u00edpica da Queima do alho; espa\u00e7o infantil &#8220;Rancho do Pe\u00e3ozinho&#8221; com atra\u00e7\u00f5es socioeducativas, lazer e entretenimento; feira comercial; entre outras atra\u00e7\u00f5es.<\/p>\n<p>Outras informa\u00e7\u00f5es pelo site: www.independentes.com.br<\/p>\n","protected":false},"excerpt":{"rendered":"<p>Come\u00e7ou a venda online e por telefone do primeiro lote de ingressos para a 57\u00aa Festa do Pe\u00e3o de Barretos, que ser\u00e1 realizada este ano entre os dias 16 e 26 de agosto.\u00a0O interessado poder\u00e1 adquirir atrav\u00e9s dos sites:\u00a0www.independentes.com.br,\u00a0www.lojaindependentes.com.br\u00a0ou www.ingressorapido.com.br. J\u00e1 a compra pelo telefone, realizada pelo Call Center da Ingresso R\u00e1pido, dever\u00e1 ser feita [&hellip;]<\/p>\n","protected":false},"author":3,"featured_media":39693,"comment_status":"open","ping_status":"closed","sticky":false,"template":"","format":"standard","meta":{"tdm_status":"","tdm_grid_status":"","footnotes":""},"categories":[22],"tags":[],"class_list":{"0":"post-39692","1":"post","2":"type-post","3":"status-publish","4":"format-standard","5":"has-post-thumbnail","7":"category-brasil"},"_links":{"self":[{"href":"https:\/\/migracao.redenoticia.com.br\/noticia\/wp-json\/wp\/v2\/posts\/39692","targetHints":{"allow":["GET"]}}],"collection":[{"href":"https:\/\/migracao.redenoticia.com.br\/noticia\/wp-json\/wp\/v2\/posts"}],"about":[{"href":"https:\/\/migracao.redenoticia.com.br\/noticia\/wp-json\/wp\/v2\/types\/post"}],"author":[{"embeddable":true,"href":"https:\/\/migracao.redenoticia.com.br\/noticia\/wp-json\/wp\/v2\/users\/3"}],"replies":[{"embeddable":true,"href":"https:\/\/migracao.redenoticia.com.br\/noticia\/wp-json\/wp\/v2\/comments?post=39692"}],"version-history":[{"count":0,"href":"https:\/\/migracao.redenoticia.com.br\/noticia\/wp-json\/wp\/v2\/posts\/39692\/revisions"}],"wp:featuredmedia":[{"embeddable":true,"href":"https:\/\/migracao.redenoticia.com.br\/noticia\/wp-json\/wp\/v2\/media\/39693"}],"wp:attachment":[{"href":"https:\/\/migracao.redenoticia.com.br\/noticia\/wp-json\/wp\/v2\/media?parent=39692"}],"wp:term":[{"taxonomy":"category","embeddable":true,"href":"https:\/\/migracao.redenoticia.com.br\/noticia\/wp-json\/wp\/v2\/categories?post=39692"},{"taxonomy":"post_tag","embeddable":true,"href":"https:\/\/migracao.redenoticia.com.br\/noticia\/wp-json\/wp\/v2\/tags?post=39692"}],"curies":[{"name":"wp","href":"https:\/\/api.w.org\/{rel}","templated":true}]}}