{"id":39718,"date":"2012-07-09T14:01:42","date_gmt":"2012-07-09T17:01:42","guid":{"rendered":"http:\/\/www.redenoticia.com.br\/noticia\/?p=39718"},"modified":"2012-07-09T14:02:28","modified_gmt":"2012-07-09T17:02:28","slug":"sbt-music-lanca-trilha-sonora-da-novela-carrossel","status":"publish","type":"post","link":"https:\/\/migracao.redenoticia.com.br\/noticia\/2012\/sbt-music-lanca-trilha-sonora-da-novela-carrossel\/39718","title":{"rendered":"SBT Music lan\u00e7a trilha sonora da novela Carrossel"},"content":{"rendered":"<p><img loading=\"lazy\" decoding=\"async\" class=\"alignleft size-full wp-image-39719\" title=\"carrossel resumo novela sbt capitulos foto lourival ribeiro\" src=\"https:\/\/migracao.redenoticia.com.br\/noticia\/imagens\/carrossel-resumo-novela-sbt-capitulos-foto-lourival-ribeiro.jpg\" alt=\"\" width=\"300\" height=\"193\" srcset=\"https:\/\/migracao.redenoticia.com.br\/noticia\/imagens\/carrossel-resumo-novela-sbt-capitulos-foto-lourival-ribeiro.jpg 300w, https:\/\/migracao.redenoticia.com.br\/noticia\/imagens\/carrossel-resumo-novela-sbt-capitulos-foto-lourival-ribeiro-250x160.jpg 250w, https:\/\/migracao.redenoticia.com.br\/noticia\/imagens\/carrossel-resumo-novela-sbt-capitulos-foto-lourival-ribeiro-150x96.jpg 150w\" sizes=\"auto, (max-width: 300px) 100vw, 300px\" \/>Com can\u00e7\u00f5es interpretadas por Chico Buarque, Toquinho, Restart, Eliana, Priscilla e Yudi, o CD da <em><strong>trilha sonora<\/strong><\/em> da <em><strong>novela<\/strong><\/em> <em><strong>Carrossel<\/strong><\/em>, adapta\u00e7\u00e3o de Iris Abravanel e dire\u00e7\u00e3o geral de Reynaldo Boury, chega \u00e0s lojas a partir da quarta-feira (13). Diversificada e alegre, a trilha sonora \u00e9 composta por grandes sucessos que embalam ainda mais o clima da Escola Mundial \u2013 a produ\u00e7\u00e3o musical fica a cargo de Arnaldo Saccomani e La\u00e9rcio Ferreira.<\/p>\n<p>A m\u00fasica-tema da professora Helena (Rosanne Mulholland) \u00e9 \u201cAo Mestre com Carinho\u201d, interpretada pela apresentadora Eliana. A paix\u00e3o de Cirilo (Jean Paulo Campos) por Maria Joaquina (Larissa Manoela) tem como tema a can\u00e7\u00e3o \u201cFico Assim sem Voc\u00ea\u201d, na voz de Roberta Tiepo. A atriz Larissa Manoela \u00e9 int\u00e9rprete da m\u00fasica \u201cBeijo, Beijinho, Beij\u00e3o\u201d, que \u00e9 tema de sua personagem, Maria Joaquina. Ma\u00edsa Silva tamb\u00e9m grava a can\u00e7\u00e3o \u201cVarinha de Cond\u00e3o\u201d para a sua personagem, Val\u00e9ria.<\/p>\n<p>As can\u00e7\u00f5es \u201cMatem\u00e1tica\u201d, da banda Restart, \u201cAquarela\u201d, de Toquinho, \u201cO Caderno\u201d, de Chico Buarque, colorem as travessuras dos alunos do terceiro ano da Escola Mundial.<\/p>\n<p>01. Priscilla e Yudi \u2013 Carro-C\u00e9u<br \/>\n02. Roberta Tiepo \u2013 Fico Assim sem Voc\u00ea<br \/>\n03. Pequeno Cidad\u00e3o \u2013 Pequeno Cidad\u00e3o<br \/>\n04. Crian\u00e7as \u2013 Carrossel<br \/>\n05. Eliana \u2013 Ao Meste com Carinho (To Sir, with Love)<br \/>\n06. Restart \u2013 Matem\u00e1tica<br \/>\n07. Larissa Manoela \u2013 Beijo, Beijinho, Beij\u00e3o<br \/>\n08. Crian\u00e7as \u2013 Mexe Mexe<br \/>\n09. Toquinho \u2013 Aquarela<br \/>\n10. Crian\u00e7as \u2013 Amiguinho<br \/>\n11. Crian\u00e7as \u2013 Mudar Geral<br \/>\n12. Ma\u00edsa \u2013 Varinha de Cond\u00e3o<br \/>\n13. Priscilla \u2013 Ciranda da Bailarina<br \/>\n14. Chico Buarque \u2013 O Caderno<br \/>\n15. Maria Diniz e Crian\u00e7as \u2013 Quem Quiser Sonhar<br \/>\n16. Patricia Marx \u2013 Espelho<br \/>\n17. Crian\u00e7as \u2013 Adolescente<br \/>\n18. Simony \u2013 Sonhos Para Quem Quiser<\/p>\n","protected":false},"excerpt":{"rendered":"<p>Com can\u00e7\u00f5es interpretadas por Chico Buarque, Toquinho, Restart, Eliana, Priscilla e Yudi, o CD da trilha sonora da novela Carrossel, adapta\u00e7\u00e3o de Iris Abravanel e dire\u00e7\u00e3o geral de Reynaldo Boury, chega \u00e0s lojas a partir da quarta-feira (13). Diversificada e alegre, a trilha sonora \u00e9 composta por grandes sucessos que embalam ainda mais o clima [&hellip;]<\/p>\n","protected":false},"author":3,"featured_media":39719,"comment_status":"open","ping_status":"closed","sticky":false,"template":"","format":"standard","meta":{"tdm_status":"","tdm_grid_status":"","footnotes":""},"categories":[22],"tags":[],"class_list":{"0":"post-39718","1":"post","2":"type-post","3":"status-publish","4":"format-standard","5":"has-post-thumbnail","7":"category-brasil"},"_links":{"self":[{"href":"https:\/\/migracao.redenoticia.com.br\/noticia\/wp-json\/wp\/v2\/posts\/39718","targetHints":{"allow":["GET"]}}],"collection":[{"href":"https:\/\/migracao.redenoticia.com.br\/noticia\/wp-json\/wp\/v2\/posts"}],"about":[{"href":"https:\/\/migracao.redenoticia.com.br\/noticia\/wp-json\/wp\/v2\/types\/post"}],"author":[{"embeddable":true,"href":"https:\/\/migracao.redenoticia.com.br\/noticia\/wp-json\/wp\/v2\/users\/3"}],"replies":[{"embeddable":true,"href":"https:\/\/migracao.redenoticia.com.br\/noticia\/wp-json\/wp\/v2\/comments?post=39718"}],"version-history":[{"count":0,"href":"https:\/\/migracao.redenoticia.com.br\/noticia\/wp-json\/wp\/v2\/posts\/39718\/revisions"}],"wp:featuredmedia":[{"embeddable":true,"href":"https:\/\/migracao.redenoticia.com.br\/noticia\/wp-json\/wp\/v2\/media\/39719"}],"wp:attachment":[{"href":"https:\/\/migracao.redenoticia.com.br\/noticia\/wp-json\/wp\/v2\/media?parent=39718"}],"wp:term":[{"taxonomy":"category","embeddable":true,"href":"https:\/\/migracao.redenoticia.com.br\/noticia\/wp-json\/wp\/v2\/categories?post=39718"},{"taxonomy":"post_tag","embeddable":true,"href":"https:\/\/migracao.redenoticia.com.br\/noticia\/wp-json\/wp\/v2\/tags?post=39718"}],"curies":[{"name":"wp","href":"https:\/\/api.w.org\/{rel}","templated":true}]}}