{"id":39721,"date":"2012-07-09T10:15:58","date_gmt":"2012-07-09T13:15:58","guid":{"rendered":"http:\/\/www.redenoticia.com.br\/noticia\/?p=39721"},"modified":"2012-07-09T14:18:25","modified_gmt":"2012-07-09T17:18:25","slug":"taxa-de-juros-menor-para-empresas-afetadas-pela-crise-internacional","status":"publish","type":"post","link":"https:\/\/migracao.redenoticia.com.br\/noticia\/2012\/taxa-de-juros-menor-para-empresas-afetadas-pela-crise-internacional\/39721","title":{"rendered":"Taxa de juros menor para empresas afetadas pela crise internacional"},"content":{"rendered":"<p><img loading=\"lazy\" decoding=\"async\" class=\"alignleft size-full wp-image-38938\" title=\"economia\" src=\"https:\/\/migracao.redenoticia.com.br\/noticia\/imagens\/economia1.jpg\" alt=\"\" width=\"300\" height=\"193\" srcset=\"https:\/\/migracao.redenoticia.com.br\/noticia\/imagens\/economia1.jpg 300w, https:\/\/migracao.redenoticia.com.br\/noticia\/imagens\/economia1-250x160.jpg 250w, https:\/\/migracao.redenoticia.com.br\/noticia\/imagens\/economia1-150x96.jpg 150w\" sizes=\"auto, (max-width: 300px) 100vw, 300px\" \/>Bras\u00edlia \u2013 Entrou em vigor a nova <em><strong>taxa de juros<\/strong><\/em> para empr\u00e9stimos concedidos pelo Banco Nacional de Desenvolvimento Econ\u00f4mico e Social (<em><strong>BNDES<\/strong><\/em>) por meio do Programa Revitaliza, destinado a ajudar empresas de setores afetados pela crise econ\u00f4mica internacional. A taxa caiu de 9% para 8% ao ano, conforme decis\u00e3o tomada no \u00faltimo dia (5) pelo Conselho Monet\u00e1rio Nacional (CMN) e publicada hoje (9) no Di\u00e1rio Oficial da Uni\u00e3o.<\/p>\n<p>A medida beneficia empresas dos seguintes setores: frutas, pedras ornamentais, cal\u00e7ados, moveleiro, t\u00eaxtil, fertilizantes e produtos cer\u00e2micos. A ind\u00fastria de bens de capital tamb\u00e9m \u00e9 beneficiada pela nova taxa, com exce\u00e7\u00e3o das fabricantes de caminh\u00f5es, \u00f4nibus, embarca\u00e7\u00f5es, aeronaves, vag\u00f5es e locomotivas, tratores, colheitadeiras e m\u00e1quinas rodovi\u00e1rias.<\/p>\n<p>Al\u00e9m disso, a medida tamb\u00e9m contempla a ind\u00fastria de transforma\u00e7\u00e3o de pl\u00e1sticos, fabricantes de material eletr\u00f4nico e de comunica\u00e7\u00f5es, pe\u00e7as e assess\u00f3rios para ve\u00edculos, brinquedos, instrumentos m\u00e9dicos e odontol\u00f3gicos, servi\u00e7os de tecnologia da informa\u00e7\u00e3o e softwares.<\/p>\n<p>O programa disp\u00f5e de R$ 6,7 bilh\u00f5es em linhas de cr\u00e9dito para 20 setores da economia afetados pela crise internacional. Os financiamentos podem ser usados para exporta\u00e7\u00f5es e investimentos. O limite dos empr\u00e9stimos \u00e9 R$ 150 milh\u00f5es por empresas de cada setor.<\/p>\n<p>Luciana Lima<br \/>\nRep\u00f3rter da Ag\u00eancia Brasil<br \/>\nEdi\u00e7\u00e3o: Carolina Pimentel<\/p>\n","protected":false},"excerpt":{"rendered":"<p>Bras\u00edlia \u2013 Entrou em vigor a nova taxa de juros para empr\u00e9stimos concedidos pelo Banco Nacional de Desenvolvimento Econ\u00f4mico e Social (BNDES) por meio do Programa Revitaliza, destinado a ajudar empresas de setores afetados pela crise econ\u00f4mica internacional. A taxa caiu de 9% para 8% ao ano, conforme decis\u00e3o tomada no \u00faltimo dia (5) pelo [&hellip;]<\/p>\n","protected":false},"author":3,"featured_media":38938,"comment_status":"open","ping_status":"closed","sticky":false,"template":"","format":"standard","meta":{"tdm_status":"","tdm_grid_status":"","footnotes":""},"categories":[22,7],"tags":[],"class_list":{"0":"post-39721","1":"post","2":"type-post","3":"status-publish","4":"format-standard","5":"has-post-thumbnail","7":"category-brasil","8":"category-economia"},"_links":{"self":[{"href":"https:\/\/migracao.redenoticia.com.br\/noticia\/wp-json\/wp\/v2\/posts\/39721","targetHints":{"allow":["GET"]}}],"collection":[{"href":"https:\/\/migracao.redenoticia.com.br\/noticia\/wp-json\/wp\/v2\/posts"}],"about":[{"href":"https:\/\/migracao.redenoticia.com.br\/noticia\/wp-json\/wp\/v2\/types\/post"}],"author":[{"embeddable":true,"href":"https:\/\/migracao.redenoticia.com.br\/noticia\/wp-json\/wp\/v2\/users\/3"}],"replies":[{"embeddable":true,"href":"https:\/\/migracao.redenoticia.com.br\/noticia\/wp-json\/wp\/v2\/comments?post=39721"}],"version-history":[{"count":0,"href":"https:\/\/migracao.redenoticia.com.br\/noticia\/wp-json\/wp\/v2\/posts\/39721\/revisions"}],"wp:featuredmedia":[{"embeddable":true,"href":"https:\/\/migracao.redenoticia.com.br\/noticia\/wp-json\/wp\/v2\/media\/38938"}],"wp:attachment":[{"href":"https:\/\/migracao.redenoticia.com.br\/noticia\/wp-json\/wp\/v2\/media?parent=39721"}],"wp:term":[{"taxonomy":"category","embeddable":true,"href":"https:\/\/migracao.redenoticia.com.br\/noticia\/wp-json\/wp\/v2\/categories?post=39721"},{"taxonomy":"post_tag","embeddable":true,"href":"https:\/\/migracao.redenoticia.com.br\/noticia\/wp-json\/wp\/v2\/tags?post=39721"}],"curies":[{"name":"wp","href":"https:\/\/api.w.org\/{rel}","templated":true}]}}