{"id":39745,"date":"2012-07-11T16:22:48","date_gmt":"2012-07-11T19:22:48","guid":{"rendered":"http:\/\/www.redenoticia.com.br\/noticia\/?p=39745"},"modified":"2012-07-11T16:22:48","modified_gmt":"2012-07-11T19:22:48","slug":"parecer-sobre-codigo-florestal-desagrada-a-ambientalistas-e-ruralistas","status":"publish","type":"post","link":"https:\/\/migracao.redenoticia.com.br\/noticia\/2012\/parecer-sobre-codigo-florestal-desagrada-a-ambientalistas-e-ruralistas\/39745","title":{"rendered":"Parecer sobre C\u00f3digo Florestal desagrada a ambientalistas e ruralistas"},"content":{"rendered":"<p><img loading=\"lazy\" decoding=\"async\" class=\"alignleft size-full wp-image-34905\" title=\"codigo florestal\" src=\"https:\/\/migracao.redenoticia.com.br\/noticia\/imagens\/codigo-florestal.jpg\" alt=\"\" width=\"300\" height=\"193\" srcset=\"https:\/\/migracao.redenoticia.com.br\/noticia\/imagens\/codigo-florestal.jpg 300w, https:\/\/migracao.redenoticia.com.br\/noticia\/imagens\/codigo-florestal-250x160.jpg 250w, https:\/\/migracao.redenoticia.com.br\/noticia\/imagens\/codigo-florestal-150x96.jpg 150w\" sizes=\"auto, (max-width: 300px) 100vw, 300px\" \/>Bras\u00edlia &#8211; O parecer do senador Luiz Henrique (PMDB-SC) apresentado hoje (11) na comiss\u00e3o especial do Congresso que analisa a admissibilidade da Medida Provis\u00f3ria 571, que trata do <em><strong>C\u00f3digo Florestal<\/strong><\/em>, desagradou a representantes das bancadas ambientalista e ruralista.<\/p>\n<p>Os deputados que formam maioria na comiss\u00e3o resolveram entrar em obstru\u00e7\u00e3o e n\u00e3o dar qu\u00f3rum para a vota\u00e7\u00e3o do parecer, amanh\u00e3 (12). Ela foi marcada pelo presidente da comiss\u00e3o, Elvino Bohn Gass (PT-RS) para as 10 horas desta quinta-feira mesmo com o aviso dos parlamentares de que n\u00e3o comparecer\u00e3o.<\/p>\n<p>As duas bancadas querem adiar para a primeira semana de agosto a an\u00e1lise e vota\u00e7\u00e3o da mat\u00e9ria na comiss\u00e3o e no plen\u00e1rio da C\u00e2mara. \u201cVamos encaminhar o parecer \u00e0s federa\u00e7\u00f5es de Agricultura e cooperativas para saber qual o impacto financeiro [da proposta] nos nossos estados. Precisamos de tempo para receber o aval do setor organizado\u201d, justificou o deputado da Frente Parlamentar da Agropecu\u00e1ria, Abelardo Lupion (DEM-PA).<\/p>\n<p>O deputado Sarney Filho (PV-MA) decidiu fazer um acordo com os ruralistas para ganhar tempo e tentar mobilizar entidades e movimentos ligados \u00e0 defesa do meio ambiente. A decis\u00e3o de boicotar a vota\u00e7\u00e3o do parecer de Luiz Henrique foi tomada hoje pela bancada do PV.<\/p>\n<p>O relator acredita que ainda h\u00e1 tempo para tentar negociar um novo texto que viabilize a vota\u00e7\u00e3o da mat\u00e9ria. Segundo ele, a decis\u00e3o de obstruir a reuni\u00e3o desta quinta-feira \u00e9 um ato isolado \u201cde alguns parlamentares\u201d e n\u00e3o representa o pensamento do conjunto dos deputados e senadores que integram a comiss\u00e3o e o Parlamento.<\/p>\n<p>O presidente da comiss\u00e3o qualificou o boicote de parte dos deputados de \u201cato protelat\u00f3rio\u201d. Ele acrescentou que a atitude prejudicar\u00e1 ambas as partes. Ele ressaltou que os maiores prejudicados ser\u00e3o os agricultores familiares.<\/p>\n<p>\u201cO que acontece se houver essas medidas protelat\u00f3rias e n\u00f3s n\u00e3o pudermos votar [no Congresso]? Expira o prazo [de vig\u00eancia da medida], morre a MP e o meio ambiente n\u00e3o ser\u00e1 regenerado, n\u00e3o ter\u00e1 a planta\u00e7\u00e3o das matas ciliares que est\u00e3o postas e nem os agricultores familiares ter\u00e3o o diferencial [de recupera\u00e7\u00e3o de \u00e1reas de preserva\u00e7\u00e3o permanente]&#8221;, frisou Bohn Gass.<\/p>\n<p>Marcos Chagas<br \/>\nRep\u00f3rter da Ag\u00eancia Brasil<\/p>\n<p>Edi\u00e7\u00e3o: Talita Cavalcante<\/p>\n","protected":false},"excerpt":{"rendered":"<p>Bras\u00edlia &#8211; O parecer do senador Luiz Henrique (PMDB-SC) apresentado hoje (11) na comiss\u00e3o especial do Congresso que analisa a admissibilidade da Medida Provis\u00f3ria 571, que trata do C\u00f3digo Florestal, desagradou a representantes das bancadas ambientalista e ruralista. Os deputados que formam maioria na comiss\u00e3o resolveram entrar em obstru\u00e7\u00e3o e n\u00e3o dar qu\u00f3rum para a [&hellip;]<\/p>\n","protected":false},"author":3,"featured_media":34905,"comment_status":"open","ping_status":"closed","sticky":false,"template":"","format":"standard","meta":{"tdm_status":"","tdm_grid_status":"","footnotes":""},"categories":[22,7],"tags":[],"class_list":{"0":"post-39745","1":"post","2":"type-post","3":"status-publish","4":"format-standard","5":"has-post-thumbnail","7":"category-brasil","8":"category-economia"},"_links":{"self":[{"href":"https:\/\/migracao.redenoticia.com.br\/noticia\/wp-json\/wp\/v2\/posts\/39745","targetHints":{"allow":["GET"]}}],"collection":[{"href":"https:\/\/migracao.redenoticia.com.br\/noticia\/wp-json\/wp\/v2\/posts"}],"about":[{"href":"https:\/\/migracao.redenoticia.com.br\/noticia\/wp-json\/wp\/v2\/types\/post"}],"author":[{"embeddable":true,"href":"https:\/\/migracao.redenoticia.com.br\/noticia\/wp-json\/wp\/v2\/users\/3"}],"replies":[{"embeddable":true,"href":"https:\/\/migracao.redenoticia.com.br\/noticia\/wp-json\/wp\/v2\/comments?post=39745"}],"version-history":[{"count":0,"href":"https:\/\/migracao.redenoticia.com.br\/noticia\/wp-json\/wp\/v2\/posts\/39745\/revisions"}],"wp:featuredmedia":[{"embeddable":true,"href":"https:\/\/migracao.redenoticia.com.br\/noticia\/wp-json\/wp\/v2\/media\/34905"}],"wp:attachment":[{"href":"https:\/\/migracao.redenoticia.com.br\/noticia\/wp-json\/wp\/v2\/media?parent=39745"}],"wp:term":[{"taxonomy":"category","embeddable":true,"href":"https:\/\/migracao.redenoticia.com.br\/noticia\/wp-json\/wp\/v2\/categories?post=39745"},{"taxonomy":"post_tag","embeddable":true,"href":"https:\/\/migracao.redenoticia.com.br\/noticia\/wp-json\/wp\/v2\/tags?post=39745"}],"curies":[{"name":"wp","href":"https:\/\/api.w.org\/{rel}","templated":true}]}}