{"id":39747,"date":"2012-07-11T16:28:57","date_gmt":"2012-07-11T19:28:57","guid":{"rendered":"http:\/\/www.redenoticia.com.br\/noticia\/?p=39747"},"modified":"2012-07-11T16:28:57","modified_gmt":"2012-07-11T19:28:57","slug":"sp-convoca-populacao-a-doar-sangue-nas-ferias","status":"publish","type":"post","link":"https:\/\/migracao.redenoticia.com.br\/noticia\/2012\/sp-convoca-populacao-a-doar-sangue-nas-ferias\/39747","title":{"rendered":"SP convoca popula\u00e7\u00e3o a doar sangue nas f\u00e9rias"},"content":{"rendered":"<p><img loading=\"lazy\" decoding=\"async\" class=\"alignleft size-full wp-image-18520\" title=\"doa\u00e7\u00e3o de sangue\" src=\"https:\/\/migracao.redenoticia.com.br\/noticia\/imagens\/doa\u00e7\u00e3o-de-sangue.jpg\" alt=\"\" width=\"300\" height=\"193\" srcset=\"https:\/\/migracao.redenoticia.com.br\/noticia\/imagens\/doa\u00e7\u00e3o-de-sangue.jpg 300w, https:\/\/migracao.redenoticia.com.br\/noticia\/imagens\/doa\u00e7\u00e3o-de-sangue-150x96.jpg 150w, https:\/\/migracao.redenoticia.com.br\/noticia\/imagens\/doa\u00e7\u00e3o-de-sangue-250x160.jpg 250w\" sizes=\"auto, (max-width: 300px) 100vw, 300px\" \/>No m\u00eas de julho os estoques de sangue para doa\u00e7\u00e3o caem em cerca de 30%, por isso a Secretaria de Estado da Sa\u00fade convoca a popula\u00e7\u00e3o paulista para que inclua em sua programa\u00e7\u00e3o de f\u00e9rias um ato que pode salvar vidas:<em><strong> doar sangue.<\/strong><\/em><\/p>\n<p>Esse \u00edndice baixo, no que diz respeito aos padr\u00f5es de regularidade da Funda\u00e7\u00e3o Pr\u00f3-Sangue, est\u00e1 relacionado ao inverno e as f\u00e9rias. &#8220;Por estarem, em alguns casos, longe de casa, as pessoas esquecem que n\u00e3o precisam procurar um hospital na regi\u00e3o de seu domic\u00edlio, mas podem fazer a doa\u00e7\u00e3o em qualquer munic\u00edpio do Estado&#8221;, destaca Osvaldo Donini, coordenador da Hemorrede.<\/p>\n<p>Recomenda\u00e7\u00f5es<br \/>\nPara doar basta estar em boas condi\u00e7\u00f5es de sa\u00fade, alimentado, ter entre 16 e 65 anos, pesar mais de 50 kg e levar documento de identidade original com foto.\u00a0\u00c9 recomend\u00e1vel evitar alimentos gordurosos nas quatro horas que antecedem a doa\u00e7\u00e3o e n\u00e3o ter ingerido bebidas alco\u00f3licas 12 horas antes.<\/p>\n<p>Se a pessoa estiver com gripe ou resfriada, n\u00e3o deve doar temporariamente. Mesmo que tenha se recuperado, deve aguardar uma semana para que esteja novamente apto \u00e0 doa\u00e7\u00e3o.<\/p>\n<p>O Estado de S\u00e3o Paulo tem cerca de 100 postos de coleta de sangue, sendo 40 deles na Capital.\u00a0No site<a href=\"http:\/\/www.saude.sp.gov.br\/doesangue\" target=\"_blank\">www.saude.sp.gov.br\/doesangue<\/a>\u00a0est\u00e3o dispon\u00edveis os endere\u00e7os de todos os postos de coleta de sangue no Estado.<\/p>\n<p>Do Portal do Governo do Estado<\/p>\n","protected":false},"excerpt":{"rendered":"<p>No m\u00eas de julho os estoques de sangue para doa\u00e7\u00e3o caem em cerca de 30%, por isso a Secretaria de Estado da Sa\u00fade convoca a popula\u00e7\u00e3o paulista para que inclua em sua programa\u00e7\u00e3o de f\u00e9rias um ato que pode salvar vidas: doar sangue. Esse \u00edndice baixo, no que diz respeito aos padr\u00f5es de regularidade da [&hellip;]<\/p>\n","protected":false},"author":3,"featured_media":18520,"comment_status":"open","ping_status":"closed","sticky":false,"template":"","format":"standard","meta":{"tdm_status":"","tdm_grid_status":"","footnotes":""},"categories":[22,5],"tags":[],"class_list":{"0":"post-39747","1":"post","2":"type-post","3":"status-publish","4":"format-standard","5":"has-post-thumbnail","7":"category-brasil","8":"category-saude-e-vida"},"_links":{"self":[{"href":"https:\/\/migracao.redenoticia.com.br\/noticia\/wp-json\/wp\/v2\/posts\/39747","targetHints":{"allow":["GET"]}}],"collection":[{"href":"https:\/\/migracao.redenoticia.com.br\/noticia\/wp-json\/wp\/v2\/posts"}],"about":[{"href":"https:\/\/migracao.redenoticia.com.br\/noticia\/wp-json\/wp\/v2\/types\/post"}],"author":[{"embeddable":true,"href":"https:\/\/migracao.redenoticia.com.br\/noticia\/wp-json\/wp\/v2\/users\/3"}],"replies":[{"embeddable":true,"href":"https:\/\/migracao.redenoticia.com.br\/noticia\/wp-json\/wp\/v2\/comments?post=39747"}],"version-history":[{"count":0,"href":"https:\/\/migracao.redenoticia.com.br\/noticia\/wp-json\/wp\/v2\/posts\/39747\/revisions"}],"wp:featuredmedia":[{"embeddable":true,"href":"https:\/\/migracao.redenoticia.com.br\/noticia\/wp-json\/wp\/v2\/media\/18520"}],"wp:attachment":[{"href":"https:\/\/migracao.redenoticia.com.br\/noticia\/wp-json\/wp\/v2\/media?parent=39747"}],"wp:term":[{"taxonomy":"category","embeddable":true,"href":"https:\/\/migracao.redenoticia.com.br\/noticia\/wp-json\/wp\/v2\/categories?post=39747"},{"taxonomy":"post_tag","embeddable":true,"href":"https:\/\/migracao.redenoticia.com.br\/noticia\/wp-json\/wp\/v2\/tags?post=39747"}],"curies":[{"name":"wp","href":"https:\/\/api.w.org\/{rel}","templated":true}]}}