{"id":3976,"date":"2009-06-27T18:07:32","date_gmt":"2009-06-27T22:07:32","guid":{"rendered":"http:\/\/www.redenoticia.com.br\/noticia\/?p=3976"},"modified":"2009-06-27T21:12:42","modified_gmt":"2009-06-28T01:12:42","slug":"prefeitura-de-porto-velho-preocupada-com-jovens-na-vizinhanca-das-hidreletricas","status":"publish","type":"post","link":"https:\/\/migracao.redenoticia.com.br\/noticia\/2009\/prefeitura-de-porto-velho-preocupada-com-jovens-na-vizinhanca-das-hidreletricas\/3976","title":{"rendered":"Prefeitura de Porto Velho preocupada com jovens na vizinhan\u00e7a das hidrel\u00e9tricas"},"content":{"rendered":"<p><span style=\"font-family: 'Times New Roman'; font-size: small;\">A prefeitura de Porto Velho, por meio da Secretaria Municipal de Desenvolvimento Econ\u00f4mico e Social e Turismo (Semdestur), vai iniciar nesta segunda-feira uma s\u00e9rie de cursos profissionalizantes no distrito de Jacy-Paran\u00e1. A iniciativa est\u00e1 inserida no projeto Galera Nativa, promovida pela prefeitura, com a participa\u00e7\u00e3o de todas as secretarias municipais, que est\u00e3o desenvolvendo a\u00e7\u00f5es no distrito para atender crian\u00e7as, jovens e adultos em situa\u00e7\u00e3o de risco. A popula\u00e7\u00e3o do distrito vem crescendo de forma r\u00e1pida, desde o in\u00edcio das obras da usina hidrel\u00e9trica do Jirau\u00a0 e o Galera Nativa realiza um trabalho de preven\u00e7\u00e3o a problemas como gravidez precoce, combate \u00e0 viol\u00eancia sexual, preven\u00e7\u00e3o de uso de drogas e transmiss\u00e3o de doen\u00e7as sexualmente transmiss\u00edveis, com atividades culturais, art\u00edsticas e esportivas, palestras e cursos profissionalizantes, entre outras a\u00e7\u00f5es.<\/span><\/p>\n<p><span style=\"font-family: 'Times New Roman'; font-size: small;\">A partir desta segunda-feira (29), 80 pessoas v\u00e3o participar dos cursos de doces e salgados, cabeleireiro, manicure e metareciclagem ( para manuten\u00e7\u00e3o e montagem de computadores) que ser\u00e3o ministrados pela Semdestur e Casa Brasil. Em agosto, a popula\u00e7\u00e3o de Jacy-Paran\u00e1 ser\u00e1 beneficiada com outros cursos, que ser\u00e3o ministrados com verbas do Planteq (Plano Territorial de Qualifica\u00e7\u00e3o), financiados pelo FAT (Fundo de Apoio ao Trabalhador).<\/span><\/p>\n","protected":false},"excerpt":{"rendered":"<p>A prefeitura de Porto Velho, por meio da Secretaria Municipal de Desenvolvimento Econ\u00f4mico e Social e Turismo (Semdestur), vai iniciar nesta segunda-feira uma s\u00e9rie de cursos profissionalizantes no distrito de Jacy-Paran\u00e1. A iniciativa est\u00e1 inserida no projeto Galera Nativa, promovida pela prefeitura, com a participa\u00e7\u00e3o de todas as secretarias municipais, que est\u00e3o desenvolvendo a\u00e7\u00f5es no [&hellip;]<\/p>\n","protected":false},"author":2,"featured_media":0,"comment_status":"open","ping_status":"open","sticky":false,"template":"","format":"standard","meta":{"tdm_status":"","tdm_grid_status":"","footnotes":""},"categories":[22],"tags":[],"class_list":{"0":"post-3976","1":"post","2":"type-post","3":"status-publish","4":"format-standard","6":"category-brasil"},"_links":{"self":[{"href":"https:\/\/migracao.redenoticia.com.br\/noticia\/wp-json\/wp\/v2\/posts\/3976","targetHints":{"allow":["GET"]}}],"collection":[{"href":"https:\/\/migracao.redenoticia.com.br\/noticia\/wp-json\/wp\/v2\/posts"}],"about":[{"href":"https:\/\/migracao.redenoticia.com.br\/noticia\/wp-json\/wp\/v2\/types\/post"}],"author":[{"embeddable":true,"href":"https:\/\/migracao.redenoticia.com.br\/noticia\/wp-json\/wp\/v2\/users\/2"}],"replies":[{"embeddable":true,"href":"https:\/\/migracao.redenoticia.com.br\/noticia\/wp-json\/wp\/v2\/comments?post=3976"}],"version-history":[{"count":0,"href":"https:\/\/migracao.redenoticia.com.br\/noticia\/wp-json\/wp\/v2\/posts\/3976\/revisions"}],"wp:attachment":[{"href":"https:\/\/migracao.redenoticia.com.br\/noticia\/wp-json\/wp\/v2\/media?parent=3976"}],"wp:term":[{"taxonomy":"category","embeddable":true,"href":"https:\/\/migracao.redenoticia.com.br\/noticia\/wp-json\/wp\/v2\/categories?post=3976"},{"taxonomy":"post_tag","embeddable":true,"href":"https:\/\/migracao.redenoticia.com.br\/noticia\/wp-json\/wp\/v2\/tags?post=3976"}],"curies":[{"name":"wp","href":"https:\/\/api.w.org\/{rel}","templated":true}]}}